{"id":41654,"date":"2022-07-06T11:51:53","date_gmt":"2022-07-06T14:51:53","guid":{"rendered":"https:\/\/anprotec.org.br\/site\/?p=41654"},"modified":"2025-02-25T13:41:01","modified_gmt":"2025-02-25T16:41:01","slug":"mcti-e-finep-anunciam-editais-no-valor-de-r40-milhoes-para-cadeias-produtivas-da-bioeconomia","status":"publish","type":"post","link":"https:\/\/anprotec.org.br\/site\/2022\/07\/mcti-e-finep-anunciam-editais-no-valor-de-r40-milhoes-para-cadeias-produtivas-da-bioeconomia\/","title":{"rendered":"MCTI e FINEP anunciam editais no valor de R$40 milh\u00f5es para cadeias produtivas da bioeconomia"},"content":{"rendered":"<div class=\"documentDescription\"><em><img decoding=\"async\" loading=\"lazy\" class=\"size-full wp-image-41655 alignleft\" src=\"https:\/\/anprotec.org.br\/site\/wp-content\/uploads\/2022\/07\/MCTI.jpg\" alt=\"\" width=\"370\" height=\"235\" srcset=\"https:\/\/anprotec.org.br\/site\/wp-content\/uploads\/2022\/07\/MCTI.jpg 370w, https:\/\/anprotec.org.br\/site\/wp-content\/uploads\/2022\/07\/MCTI-300x191.jpg 300w, https:\/\/anprotec.org.br\/site\/wp-content\/uploads\/2022\/07\/MCTI-230x146.jpg 230w, https:\/\/anprotec.org.br\/site\/wp-content\/uploads\/2022\/07\/MCTI-50x32.jpg 50w, https:\/\/anprotec.org.br\/site\/wp-content\/uploads\/2022\/07\/MCTI-118x75.jpg 118w\" sizes=\"(max-width: 370px) 100vw, 370px\" \/>Recursos n\u00e3o-reembols\u00e1veis s\u00e3o provenientes dos fundos setoriais Agro e Subven\u00e7\u00e3o do Fundo Nacional de Desenvolvimento Cient\u00edfico e Tecnol\u00f3gico (FNDCT)<\/em><\/div>\n<div id=\"viewlet-above-content-body\">\n<p>O Minist\u00e9rio da Ci\u00eancia, Tecnologia e Inova\u00e7\u00f5es (MCTI) e a Financiadora de Estudos e Projetos (FINEP) lan\u00e7aram nesta sexta-feira (1\u00ba\/7), \u00e0s 15h, o investimento de R$40 milh\u00f5es em dois editais para o Programa Cadeias Produtivas da Bioeconomia MCTI. Os recursos s\u00e3o da modalidade n\u00e3o-reembols\u00e1vel do Fundo Nacional de Desenvolvimento Cient\u00edfico e Tecnol\u00f3gico (FNDCT), dos fundos setoriais Agro e Subven\u00e7\u00e3o.<\/p>\n<p>O Programa Cadeias Produtivas da Bioeconomia MCTI visa fomentar a pesquisa cient\u00edfica, o desenvolvimento tecnol\u00f3gico e a inova\u00e7\u00e3o para a promo\u00e7\u00e3o, agrega\u00e7\u00e3o e reten\u00e7\u00e3o de valor em cadeias produtivas da biodiversidade brasileira, considerando a sua sustentabilidade e a melhoria da qualidade de vida das popula\u00e7\u00f5es que dela dependem. O foco dos esfor\u00e7os est\u00e1 direcionado para o desenvolvimento de novos produtos, insumos, materiais e servi\u00e7os a partir e para essas cadeias, contribuindo com o desenvolvimento sustent\u00e1vel de popula\u00e7\u00f5es em todos os biomas brasileiros<\/p>\n<p>Os editais lan\u00e7ados selecionar\u00e3o projetos para integrar o Programa. A sele\u00e7\u00e3o vai permitir apoio a projetos de todas as regi\u00f5es do Pa\u00eds que promovam solu\u00e7\u00f5es aos gargalos cient\u00edficos e tecnol\u00f3gicos enfrentados na estrutura\u00e7\u00e3o e fortalecimento de cadeias produtivas baseadas na biodiversidade brasileira.\u00a0 Os projetos dever\u00e3o incluir no arranjo institucional ao menos uma comunidade local que tenha na biodiversidade brasileira parte de sua atividade econ\u00f4mica. As comunidades dever\u00e3o ser representadas legalmente por meio de organiza\u00e7\u00e3o autogerida constitu\u00edda pela pr\u00f3pria comunidade, como associa\u00e7\u00f5es e cooperativas.<\/p>\n<p>A Chamada p\u00fablica MCTI\/FINEP\/FNDCT\/CT-AGRO Programa Cadeias Produtivas da Bioeconomia MCTI: Fomento \u00e0 ICT \u2013 01\/2022, no valor de R$ 28 milh\u00f5es, \u00e9 voltada \u00e0s Institui\u00e7\u00f5es Cient\u00edficas, Tecnol\u00f3gicas e de Inova\u00e7\u00e3o (ICT), p\u00fablicas ou privadas. O objetivo \u00e9 apoiar projetos que promovam solu\u00e7\u00f5es aos gargalos cient\u00edficos e tecnol\u00f3gicos enfrentados na estrutura\u00e7\u00e3o e\/ou fortale\u00e7am as cadeias produtivas baseadas na biodiversidade brasileira. O projeto dever\u00e1 fortalecer essas cadeias produtivas, desenvolvendo solu\u00e7\u00f5es de modo a agregar e reter valor junto aos elos iniciais delas, melhorando a qualidade de vida das popula\u00e7\u00f5es atendidas. Compreende-se por gargalos as dificuldades enfrentadas nos elos iniciais dessas cadeias, desde lacunas de conhecimento, limita\u00e7\u00f5es tecnol\u00f3gicas, aus\u00eancia de t\u00e9cnicas de manejo e\/ou protocolos de produ\u00e7\u00e3o, entre outros aspectos.<\/p>\n<p>Cada ICT poder\u00e1 submeter at\u00e9 duas propostas. Ser\u00e3o financiados projetos com valores entre R$1 milh\u00e3o e R$3 milh\u00f5es. O projeto apresentado dever\u00e1 estar atrelado a uma comunidade, pois os resultados obtidos dever\u00e3o ser disponibilizados pela ICT executora \u00e0 comunidade em quest\u00e3o.<\/p>\n<p>A Sele\u00e7\u00e3o P\u00fablica MCTI\/FINEP\/FNDCT subven\u00e7\u00e3o econ\u00f4mica \u00e0 inova\u00e7\u00e3o \u2013 01\/2022 Fomento a Cadeias Produtivas da Bioeconomia em Biomas Brasileiros, no valor de R$ 12 milh\u00f5es, \u00e9 direcionada \u00e0 subven\u00e7\u00e3o econ\u00f4mica de empresas em busca de solu\u00e7\u00f5es para gargalos das cadeias produtivas.<\/p>\n<p>Os recursos apoiar\u00e3o projetos de empresas que envolvam risco tecnol\u00f3gico e oportunidade de mercado, buscando o desenvolvimento de novas solu\u00e7\u00f5es para cadeias produtivas da bioeconomia com a participa\u00e7\u00e3o e co-desenvolvimento realizado junto \u00e0s comunidades locais. Ser\u00e3o financiadas propostas de desenvolvimento de novos produtos, processos e servi\u00e7os com base na biodiversidade brasileira em cadeias produtivas de todos os biomas brasileiros. A sele\u00e7\u00e3o contempla tr\u00eas linhas tem\u00e1ticas:\u00a0 Produtos; Processos; e Bioeconomia Circular. Cada empresa poder\u00e1 integrar apenas uma proposta e o valor concedido para o desenvolvimento do projeto ser\u00e1 entre R$500 mil e R$2 milh\u00f5es, sendo necess\u00e1rio que a empresa apresente contrapartida.<\/p>\n<p>O prazo para inscri\u00e7\u00e3o dos editais \u00e9 at\u00e9 30 de novembro de 2022. Os projetos dever\u00e3o ser executados em at\u00e9 36 meses. A avalia\u00e7\u00e3o das propostas envolve Impactos Sociais, Ambientais e Econ\u00f4micos; Sustentabilidade; Agrega\u00e7\u00e3o de Valor pela Ci\u00eancia, Tecnologia e Inova\u00e7\u00e3o; e Arranjo Institucional.<\/p>\n<p><strong>Saiba mais<\/strong>\u00a0&#8211; O Programa de Cadeias Produtivas da Bioeconomia MCTI foi institu\u00eddo por meio da Portaria MCTI n\u00ba 3.877, de 09 de outubro de 2020. \u00c9 uma pol\u00edtica p\u00fablica que trabalha o conceito de bioeconomia como impulsionadora do desenvolvimento sustent\u00e1vel e da prosperidade do Brasil. Tem como objetivo central a agrega\u00e7\u00e3o e a reten\u00e7\u00e3o de valor pelos elos iniciais das cadeias produtivas. Promove o desenvolvimento de produtos, materiais, insumos, conhecimentos, tecnologias e servi\u00e7os a partir e para essas cadeias, contribuindo com o desenvolvimento sustent\u00e1vel de popula\u00e7\u00f5es em todos os biomas brasileiros. Al\u00e9m disso, o Programa visa a\u00e7\u00f5es que fortale\u00e7am essas cadeias e utilizem de forma sustent\u00e1vel e racional a biodiversidade brasileira, garantindo sua conserva\u00e7\u00e3o e recupera\u00e7\u00e3o.<\/p>\n<p>Atualmente, tr\u00eas projetos sob a coordena\u00e7\u00e3o do MCTI est\u00e3o em curso e receberam investimentos de R$ 5,85 milh\u00f5es.<\/p>\n<p>Na regi\u00e3o amaz\u00f4nica, tr\u00eas localidades devem receber no segundo semestre deste ano f\u00e1bricas de alimentos em pequena escala, instaladas em galp\u00f5es para a produ\u00e7\u00e3o de alimentos desidratados (polpa em p\u00f3), em especial a\u00e7a\u00ed e cupua\u00e7u. Estima-se que a desidrata\u00e7\u00e3o da polpa do a\u00e7a\u00ed possa reduzir em 50% as perdas da cadeia produtiva.\u00a0\u00a0 As instala\u00e7\u00f5es utilizam energias renov\u00e1veis (fotovoltaica, solar e biomassa) e observam boas pr\u00e1ticas de produ\u00e7\u00e3o.<\/p>\n<p>Ainda na regi\u00e3o Norte, uma unidade de processamento flutuante para pescado visa agregar valor ao pirarucu, por meio da concess\u00e3o do selo de adequa\u00e7\u00e3o higi\u00eanico-sanit\u00e1ria do Servi\u00e7o de Inspe\u00e7\u00e3o Estadual (SIE) e com aplica\u00e7\u00e3o de tecnologias sociais e boas pr\u00e1ticas de produ\u00e7\u00e3o.<br \/>\nNo Nordeste, o projeto que envolve a cadeia do licuri tem como foco o desenvolvimento de bioprodutos, a padroniza\u00e7\u00e3o comercial do \u00f3leo e a identifica\u00e7\u00e3o dos princ\u00edpios ativos.<\/p>\n<p>Confira os editais abaixo:<\/p>\n<p><strong>Edital Bioeconomia ICT<\/strong><br \/>\n<a class=\"external-link\" title=\"\" href=\"http:\/\/www.finep.gov.br\/chamadas-publicas\/chamadapublica\/690\" target=\"_blank\" rel=\"noopener noreferrer\" data-tippreview-enabled=\"false\" data-tippreview-image=\"\" data-tippreview-title=\"\">http:\/\/www.finep.gov.br\/chamadas-publicas\/chamadapublica\/690<\/a><\/p>\n<p><strong>Edital Bioeconomia Subven\u00e7\u00e3o Econ\u00f4mica<\/strong><br \/>\n<a class=\"external-link\" title=\"\" href=\"http:\/\/www.finep.gov.br\/chamadas-publicas\/chamadapublica\/691\" target=\"_blank\" rel=\"noopener noreferrer\" data-tippreview-enabled=\"false\" data-tippreview-image=\"\" data-tippreview-title=\"\">http:\/\/www.finep.gov.br\/chamadas-publicas\/chamadapublica\/691<\/a><\/p>\n<p>Fonte: <a href=\"https:\/\/www.gov.br\/mcti\/pt-br\/acompanhe-o-mcti\/noticias\/2022\/07\/mcti-e-finep-anunciam-editais-no-valor-de-r-40-milhoes-para-cadeias-produtivas-da-bioeconomia\">MCTI<\/a><\/p>\n<\/div>\n","protected":false},"excerpt":{"rendered":"<p>Recursos n\u00e3o-reembols\u00e1veis s\u00e3o provenientes dos fundos setoriais Agro e Subven\u00e7\u00e3o<span class=\"excerpt-hellip\"> [\u2026]<\/span><\/p>\n","protected":false},"author":8,"featured_media":41655,"comment_status":"closed","ping_status":"closed","sticky":false,"template":"","format":"standard","meta":{"footnotes":"","_links_to":"","_links_to_target":""},"categories":[3,414],"tags":[],"calendar":[],"_links":{"self":[{"href":"https:\/\/anprotec.org.br\/site\/wp-json\/wp\/v2\/posts\/41654"}],"collection":[{"href":"https:\/\/anprotec.org.br\/site\/wp-json\/wp\/v2\/posts"}],"about":[{"href":"https:\/\/anprotec.org.br\/site\/wp-json\/wp\/v2\/types\/post"}],"author":[{"embeddable":true,"href":"https:\/\/anprotec.org.br\/site\/wp-json\/wp\/v2\/users\/8"}],"replies":[{"embeddable":true,"href":"https:\/\/anprotec.org.br\/site\/wp-json\/wp\/v2\/comments?post=41654"}],"version-history":[{"count":1,"href":"https:\/\/anprotec.org.br\/site\/wp-json\/wp\/v2\/posts\/41654\/revisions"}],"predecessor-version":[{"id":41656,"href":"https:\/\/anprotec.org.br\/site\/wp-json\/wp\/v2\/posts\/41654\/revisions\/41656"}],"wp:featuredmedia":[{"embeddable":true,"href":"https:\/\/anprotec.org.br\/site\/wp-json\/wp\/v2\/media\/41655"}],"wp:attachment":[{"href":"https:\/\/anprotec.org.br\/site\/wp-json\/wp\/v2\/media?parent=41654"}],"wp:term":[{"taxonomy":"category","embeddable":true,"href":"https:\/\/anprotec.org.br\/site\/wp-json\/wp\/v2\/categories?post=41654"},{"taxonomy":"post_tag","embeddable":true,"href":"https:\/\/anprotec.org.br\/site\/wp-json\/wp\/v2\/tags?post=41654"},{"taxonomy":"calendar","embeddable":true,"href":"https:\/\/anprotec.org.br\/site\/wp-json\/wp\/v2\/calendar?post=41654"}],"curies":[{"name":"wp","href":"https:\/\/api.w.org\/{rel}","templated":true}]}}