{"id":41651,"date":"2022-07-06T11:48:40","date_gmt":"2022-07-06T14:48:40","guid":{"rendered":"https:\/\/anprotec.org.br\/site\/?p=41651"},"modified":"2025-02-25T13:41:14","modified_gmt":"2025-02-25T16:41:14","slug":"50-anos-do-jovem-sebrae","status":"publish","type":"post","link":"https:\/\/anprotec.org.br\/site\/2022\/07\/50-anos-do-jovem-sebrae\/","title":{"rendered":"50 anos do jovem Sebrae"},"content":{"rendered":"<p><img decoding=\"async\" loading=\"lazy\" class=\"size-full wp-image-41652 alignleft\" src=\"https:\/\/anprotec.org.br\/site\/wp-content\/uploads\/2022\/07\/SEBRAE.jpg\" alt=\"\" width=\"370\" height=\"235\" srcset=\"https:\/\/anprotec.org.br\/site\/wp-content\/uploads\/2022\/07\/SEBRAE.jpg 370w, https:\/\/anprotec.org.br\/site\/wp-content\/uploads\/2022\/07\/SEBRAE-300x191.jpg 300w, https:\/\/anprotec.org.br\/site\/wp-content\/uploads\/2022\/07\/SEBRAE-230x146.jpg 230w, https:\/\/anprotec.org.br\/site\/wp-content\/uploads\/2022\/07\/SEBRAE-50x32.jpg 50w, https:\/\/anprotec.org.br\/site\/wp-content\/uploads\/2022\/07\/SEBRAE-118x75.jpg 118w\" sizes=\"(max-width: 370px) 100vw, 370px\" \/>O Sebrae, como institui\u00e7\u00e3o, foi criado formalmente em 5 de julho de 1972. H\u00e1 50 anos, ainda grafado como Cebrae, nascia o Centro de Apoio \u00e0 Pequena e M\u00e9dia Empresa, uma das mais acertadas cria\u00e7\u00f5es brasileiras. Mas o in\u00edcio dessa trajet\u00f3ria vitoriosa, sempre associada aos empreendedores brasileiros, foi muito antes, com a cria\u00e7\u00e3o do Grupo Executivo de Assist\u00eancia \u00e0 M\u00e9dia e Pequena Empresa (Geampe), em 1960, no governo Juscelino Kubitschek, na origem da ideia que veio a se transformar nesse gigante em defesa dos pequenos neg\u00f3cios. Em 1990, aos 18 anos, como tinha de ser, veio o batismo definitivo do Sebrae e, concomitantemente, a emancipa\u00e7\u00e3o jur\u00eddica do ent\u00e3o adolescente Servi\u00e7o Brasileiro de apoio \u00e0s Micro e Pequenas Empresas, desvinculando-se da administra\u00e7\u00e3o p\u00fablica e tornando-se um servi\u00e7o social aut\u00f4nomo, sem fins lucrativos.<\/p>\n<p>Essa nost\u00e1lgica linha do tempo do Sebrae \u00e9 um motivo de orgulho e, simultaneamente, traduz o legado da perseveran\u00e7a e da fidelidade \u00e0 sua miss\u00e3o original:\u00a0a organiza\u00e7\u00e3o, capacita\u00e7\u00e3o e a promo\u00e7\u00e3o do desenvolvimento econ\u00f4mico e competitividade das micro e pequenas empresas para fomentar o empreendedorismo no pa\u00eds. Apesar de avan\u00e7os gradativos para o segmento, pode-se afirmar com boa margem de seguran\u00e7a, que um dos marcos legais mais relevantes para o segmento veio em 2006.<\/p>\n<p>Embora protegido por muitas balizas constitucionais, o setor padecia com a aus\u00eancia de uma legisla\u00e7\u00e3o para robustecer e avan\u00e7ar no tratamento diferenciado, previsto na Constitui\u00e7\u00e3o Federal de 1988. O ambiente, ent\u00e3o, era de extrema adversidade com excessiva burocracia e uma selvageria tribut\u00e1ria, que condenava os empreendedores ao fracasso pr\u00e9-datado. Nesse contexto, o Sebrae liderou uma mobiliza\u00e7\u00e3o que redundou na aprova\u00e7\u00e3o da Lei Geral da Micro e Pequena Empresa, uma revolu\u00e7\u00e3o silenciosa. Foram muitos os passos pequenos de grandes homens e mulheres, mas que representaram um salto enorme para a sociedade brasileira.<\/p>\n<p>Honrou-me a hist\u00f3ria e a provid\u00eancia em poder estar, modestamente, conduzindo o Sebrae nesse momento de celebra\u00e7\u00e3o dos seus 50 anos. Meio s\u00e9culo sem perder o \u00edmpeto adolescente, a energia renovadora, a inquieta\u00e7\u00e3o cr\u00edtica para seguirmos falando de futuro e continuar fazendo hist\u00f3ria por muitas d\u00e9cadas, como j\u00e1 feito por outros. Me recorro ao pret\u00e9rito para uma rever\u00eancia obrigat\u00f3ria a todos os presidentes e diretores que nos antecederam.<\/p>\n<p>Citar todos com a \u00eanfase adequada seria insuficiente, injusto. Cada um deles contribuiu significativamente para o alargamento da reputa\u00e7\u00e3o dessa marca que hoje \u00e9 sin\u00f4nimo de inova\u00e7\u00e3o, qualidade, capacita\u00e7\u00e3o, engenho, relev\u00e2ncia, estima, agilidade, responsabilidade social e ambiental, originalidade, progresso, dinamismo e utilidade. Atributos que, obviamente, n\u00e3o foram conquistados apenas pelo corpo diretivo do \u00f3rg\u00e3o ao longo das cinco d\u00e9cadas, mas por cada um de seus dedicados colaboradores, parceiros e entusiastas \u2013 e eles s\u00e3o incont\u00e1veis. A for\u00e7a do Sebrae est\u00e1 na base, na disposi\u00e7\u00e3o, no trabalho, na luta daqueles que transpiram e inspiram, sustentam suas fam\u00edlias e expandem seus neg\u00f3cios apesar de uma renitente adversidade.<\/p>\n<p>O muito j\u00e1 realizado n\u00e3o aconselha o repouso ou conforto. Ainda estamos distantes do modelo desej\u00e1vel, pois cotidianamente contrapomos um ambiente adverso para os donos de neg\u00f3cios com burocracias desnecess\u00e1rias, tributa\u00e7\u00f5es impr\u00f3prias, gargalos restritivos no acesso ao cr\u00e9dito e, at\u00e9 mesmo, a reitera\u00e7\u00e3o de ret\u00f3ricas infundadas, algumas falaciosas, quanto \u00e0 efetividade e import\u00e2ncia dos pequenos neg\u00f3cios na pujan\u00e7a econ\u00f4mica. Os dados superlativos do segmento falam por si: 99% dos neg\u00f3cios em funcionamento no pa\u00eds, 55% dos empregos formais gerados no Brasil, 44% dos sal\u00e1rios pagos mensalmente aos trabalhadores, 30% de participa\u00e7\u00e3o na riqueza nacional e 78% das vagas de trabalho gerados em 2021. E, o mais relevante deles, que confere esse protagonismo inequ\u00edvoco das MPE, imprescind\u00edveis para a na\u00e7\u00e3o: eles impactam direta e indiretamente a vida de 86 milh\u00f5es de brasileiras e brasileiros, ou seja, 40% vivem, trabalham, estudam, se alimentam, se divertem a partir de atividades vinculadas \u00e0s MPE. H\u00e1, portanto, uma robusta conex\u00e3o entre pequenos neg\u00f3cios e o Brasil \u2013 e, por extens\u00e3o, entre o Sebrae e o pa\u00eds.<\/p>\n<p>Para al\u00e9m das estat\u00edsticas, n\u00f3s somos feitos da miscigena\u00e7\u00e3o, da cren\u00e7a, do suor e da for\u00e7a dos milh\u00f5es de Jos\u00e9s, Marias, Raimundos, Cristinas entre tantos outros nomes honrados que enobrecem o Brasil. Com esses parceiros gigantes conquistamos, agora em junho, um emblem\u00e1tico presente de anivers\u00e1rio nesses 50 anos, nos quais n\u00e3o faltaram reconhecimentos e honrarias. A Revista Isto\u00c9 Dinheiro, em dobradinha com a TM 20, BAV, WPP e Superunion, anunciou que o Sebrae figurou, pela primeira vez, entre as 10 marcas mais fortes do Brasil. O honroso ranking, referente ao ano de 2021, foi elaborado ap\u00f3s 17 mil entrevistas, quando foram valoradas nada menos do que 1,7 mil empresas e avaliados 48 atributos vinculados a essas corpora\u00e7\u00f5es.<\/p>\n<p>\u00c9 a coroa\u00e7\u00e3o desse trabalho diuturno de meio s\u00e9culo de cada um daqueles que trabalharam e ainda lutam pela expans\u00e3o desse segmento que tem dado retornos concretos ao Brasil e \u00e0 sociedade. \u00c9 com essa mesma determina\u00e7\u00e3o, de demonstrar o car\u00e1ter estrat\u00e9gico das micro e pequenas empresas na cria\u00e7\u00e3o de empregos, gera\u00e7\u00e3o de renda e no crescimento econ\u00f4mico que convidaremos os candidatos \u00e0 Presid\u00eancia da Rep\u00fablica para escrevermos o futuro do setor. Al\u00e9m da retrospectiva necess\u00e1ria, precisamos de uma agenda para os pr\u00f3ximos 50 anos. Esse jovem senhor que \u00e9 o Sebrae ainda guarda a energia criadora da sua juventude.<\/p>\n<p>Fonte: <a href=\"https:\/\/agenciasebrae.com.br\/brasil-empreendedor\/50-anos-do-jovem-sebrae\/\">Ag\u00eancia Sebrae de Not\u00edcias<\/a><\/p>\n","protected":false},"excerpt":{"rendered":"<p>O Sebrae, como institui\u00e7\u00e3o, foi criado formalmente em 5 de<span class=\"excerpt-hellip\"> [\u2026]<\/span><\/p>\n","protected":false},"author":8,"featured_media":41652,"comment_status":"closed","ping_status":"closed","sticky":false,"template":"","format":"standard","meta":{"footnotes":"","_links_to":"","_links_to_target":""},"categories":[3,412],"tags":[],"calendar":[],"_links":{"self":[{"href":"https:\/\/anprotec.org.br\/site\/wp-json\/wp\/v2\/posts\/41651"}],"collection":[{"href":"https:\/\/anprotec.org.br\/site\/wp-json\/wp\/v2\/posts"}],"about":[{"href":"https:\/\/anprotec.org.br\/site\/wp-json\/wp\/v2\/types\/post"}],"author":[{"embeddable":true,"href":"https:\/\/anprotec.org.br\/site\/wp-json\/wp\/v2\/users\/8"}],"replies":[{"embeddable":true,"href":"https:\/\/anprotec.org.br\/site\/wp-json\/wp\/v2\/comments?post=41651"}],"version-history":[{"count":1,"href":"https:\/\/anprotec.org.br\/site\/wp-json\/wp\/v2\/posts\/41651\/revisions"}],"predecessor-version":[{"id":41653,"href":"https:\/\/anprotec.org.br\/site\/wp-json\/wp\/v2\/posts\/41651\/revisions\/41653"}],"wp:featuredmedia":[{"embeddable":true,"href":"https:\/\/anprotec.org.br\/site\/wp-json\/wp\/v2\/media\/41652"}],"wp:attachment":[{"href":"https:\/\/anprotec.org.br\/site\/wp-json\/wp\/v2\/media?parent=41651"}],"wp:term":[{"taxonomy":"category","embeddable":true,"href":"https:\/\/anprotec.org.br\/site\/wp-json\/wp\/v2\/categories?post=41651"},{"taxonomy":"post_tag","embeddable":true,"href":"https:\/\/anprotec.org.br\/site\/wp-json\/wp\/v2\/tags?post=41651"},{"taxonomy":"calendar","embeddable":true,"href":"https:\/\/anprotec.org.br\/site\/wp-json\/wp\/v2\/calendar?post=41651"}],"curies":[{"name":"wp","href":"https:\/\/api.w.org\/{rel}","templated":true}]}}