{"id":41542,"date":"2022-06-22T11:11:45","date_gmt":"2022-06-22T14:11:45","guid":{"rendered":"https:\/\/anprotec.org.br\/site\/?p=41542"},"modified":"2025-02-24T17:44:14","modified_gmt":"2025-02-24T20:44:14","slug":"selecoes-oferecem-2-640-bolsas-para-agentes-locais-de-inovacao-em-sao-paulo","status":"publish","type":"post","link":"https:\/\/anprotec.org.br\/site\/2022\/06\/selecoes-oferecem-2-640-bolsas-para-agentes-locais-de-inovacao-em-sao-paulo\/","title":{"rendered":"Sele\u00e7\u00f5es oferecem 2.640 bolsas para Agentes Locais de Inova\u00e7\u00e3o em S\u00e3o Paulo"},"content":{"rendered":"<p><img decoding=\"async\" loading=\"lazy\" class=\"size-full wp-image-41543 alignleft\" src=\"https:\/\/anprotec.org.br\/site\/wp-content\/uploads\/2022\/06\/5d370ac3b4f36.png\" alt=\"\" width=\"370\" height=\"235\" srcset=\"https:\/\/anprotec.org.br\/site\/wp-content\/uploads\/2022\/06\/5d370ac3b4f36.png 370w, https:\/\/anprotec.org.br\/site\/wp-content\/uploads\/2022\/06\/5d370ac3b4f36-300x191.png 300w, https:\/\/anprotec.org.br\/site\/wp-content\/uploads\/2022\/06\/5d370ac3b4f36-230x146.png 230w, https:\/\/anprotec.org.br\/site\/wp-content\/uploads\/2022\/06\/5d370ac3b4f36-50x32.png 50w, https:\/\/anprotec.org.br\/site\/wp-content\/uploads\/2022\/06\/5d370ac3b4f36-118x75.png 118w\" sizes=\"(max-width: 370px) 100vw, 370px\" \/>O Sebrae S\u00e3o Paulo lan\u00e7ou dois editais para selecionar bolsistas que atuar\u00e3o no projeto Agentes Locais de Inova\u00e7\u00e3o (ALI), incluindo a modalidade rural. O valor das bolsas varia de R$ 5 mil a R$ 6,5 mil, dependendo do n\u00edvel de escolaridade do participante. Os interessados podem se inscrever at\u00e9 o dia 8 de julho, no endere\u00e7o https:\/\/www.concepcaoconsultoria.com.br\/.<\/p>\n<p>A primeira sele\u00e7\u00e3o ter\u00e1 400 vagas para pessoas com Ensino Superior, independentemente do curso, com mais 1.200 oportunidades voltadas ao cadastro reserva. Ser\u00e1 preciso ter experi\u00eancia como profissional de, pelo menos, seis meses em gest\u00e3o e\/ou empreendedorismo e\/ou inova\u00e7\u00e3o e\/ou pequenos neg\u00f3cios e\/ou outra \u00e1rea de atua\u00e7\u00e3o empresarial e\/ou institucional.<\/p>\n<p>Tamb\u00e9m ser\u00e3o oferecidas 40 bolsas destinadas a candidatos com p\u00f3s-gradua\u00e7\u00e3o em qualquer \u00e1rea de conhecimento, al\u00e9m de 120 para cadastro reserva. Para esse perfil \u00e9 necess\u00e1rio ter experi\u00eancia como profissional de n\u00edvel superior de, pelo menos, 12 meses em gest\u00e3o e\/ou empreendedorismo e\/ou inova\u00e7\u00e3o e\/ou pequenos neg\u00f3cios e\/ou outra \u00e1rea de atua\u00e7\u00e3o empresarial e\/ou institucional e em atividades de orienta\u00e7\u00e3o t\u00e9cnica.<\/p>\n<p>Na segunda sele\u00e7\u00e3o, para atua\u00e7\u00e3o como ALI Rural, est\u00e3o previstas 200 vagas imediatas para concorrentes com gradua\u00e7\u00e3o nas \u00e1reas de engenharia agron\u00f4mica, engenharia florestal, engenharia de alimentos, engenharia de pesca, medicina veterin\u00e1ria, zootecnia, gest\u00e3o do agroneg\u00f3cio, tecn\u00f3logo em agroneg\u00f3cio, tecn\u00f3logo em alimentos ou \u00e1reas afins das ci\u00eancias agr\u00e1rias ou dos alimentos, ou em outros cursos de gradua\u00e7\u00e3o compat\u00edveis \u00e0s \u00e1reas de conhecimento de Agroneg\u00f3cios. Tamb\u00e9m h\u00e1 a reserva de mais 600 vagas.<\/p>\n<p>O edital do ALI Rural conta ainda com 20 oportunidades (mais 60 de cadastro reserva) para p\u00f3s-graduados na \u00e1rea de ci\u00eancias agr\u00e1rias ou afins, com experi\u00eancia comprovada como profissional de n\u00edvel superior de, no m\u00ednimo, seis meses, em atividades pr\u00e1ticas relacionadas a projetos de pesquisa agropecu\u00e1rias e\/ou desenvolvimento rural no Brasil e\/ou com pequenos produtores rurais ou MPE.<\/p>\n<p>Os processos seletivos ter\u00e3o tr\u00eas fases: an\u00e1lise documental, avalia\u00e7\u00e3o de conhecimento e avalia\u00e7\u00e3o de habilidades e perfil. As bolsas ter\u00e3o a dura\u00e7\u00e3o de at\u00e9 23 meses, com atua\u00e7\u00e3o em campo em todo o estado de S\u00e3o Paulo. Durante o per\u00edodo de vig\u00eancia do projeto, o desempenho dos bolsistas ser\u00e1 sistematicamente avaliado por instrumentos de acompanhamento e avalia\u00e7\u00e3o de resultados.<\/p>\n<p><strong>Vagas em v\u00e1rias regi\u00f5es do pa\u00eds<\/strong><\/p>\n<p>O Sebrae est\u00e1 selecionando bolsistas em outros sete estados do Brasil. Ao todo, 4.798 vagas poder\u00e3o ser preenchidas, entre oportunidades imediatas e cadastro reserva em Alagoas, Bahia, Mato Grosso do Sul, Minas Gerais, Rio Grande do Norte, Santa Catarina e S\u00e3o Paulo. As inscri\u00e7\u00f5es est\u00e3o abertas e podem ser realizadas pela internet (https:\/\/cloud.cliente.sebrae.com.br\/inscricaoalirela\u00e7\u00e3o). Os selecionados trabalhar\u00e3o com temas ligados \u00e0 inova\u00e7\u00e3o.<\/p>\n<p>Os valores das bolsas variam de R$ 1,5 mil a R$ 6,5 mil, a depender do n\u00edvel de escolaridade do candidato e\/ou experi\u00eancia comprovada de atua\u00e7\u00e3o nas \u00e1reas pretendidas. As bolsas t\u00eam dura\u00e7\u00e3o de 12 a 24 meses para atua\u00e7\u00e3o presencial em campo, on-line ou h\u00edbrida, de acordo com as especificidades de cada edital.<\/p>\n<p>A sele\u00e7\u00e3o de bolsistas faz parte do Projeto de Agentes Locais de Inova\u00e7\u00e3o, no \u00e2mbito da Pol\u00edtica de Inova\u00e7\u00e3o do Sistema Sebrae, que tem como objeto a promo\u00e7\u00e3o da inova\u00e7\u00e3o para o desenvolvimento sustent\u00e1vel do pa\u00eds, por meio da utiliza\u00e7\u00e3o do Marco Legal de Ci\u00eancia, Tecnologia e Inova\u00e7\u00e3o (MLCTI). Est\u00e3o previstos novos editais em outros estados.<\/p>\n<p>Fonte: <a href=\"https:\/\/agenciasebrae.com.br\/inovacao\/selecoes-oferecem-2-640-bolsas-para-agentes-locais-de-inovacao-em-sao-paulo\/\">Ag\u00eancia Sebrae de Not\u00edcias<\/a><\/p>\n","protected":false},"excerpt":{"rendered":"<p>O Sebrae S\u00e3o Paulo lan\u00e7ou dois editais para selecionar bolsistas<span class=\"excerpt-hellip\"> [\u2026]<\/span><\/p>\n","protected":false},"author":8,"featured_media":41543,"comment_status":"closed","ping_status":"closed","sticky":false,"template":"","format":"standard","meta":{"footnotes":"","_links_to":"","_links_to_target":""},"categories":[3,414],"tags":[],"calendar":[],"_links":{"self":[{"href":"https:\/\/anprotec.org.br\/site\/wp-json\/wp\/v2\/posts\/41542"}],"collection":[{"href":"https:\/\/anprotec.org.br\/site\/wp-json\/wp\/v2\/posts"}],"about":[{"href":"https:\/\/anprotec.org.br\/site\/wp-json\/wp\/v2\/types\/post"}],"author":[{"embeddable":true,"href":"https:\/\/anprotec.org.br\/site\/wp-json\/wp\/v2\/users\/8"}],"replies":[{"embeddable":true,"href":"https:\/\/anprotec.org.br\/site\/wp-json\/wp\/v2\/comments?post=41542"}],"version-history":[{"count":2,"href":"https:\/\/anprotec.org.br\/site\/wp-json\/wp\/v2\/posts\/41542\/revisions"}],"predecessor-version":[{"id":41545,"href":"https:\/\/anprotec.org.br\/site\/wp-json\/wp\/v2\/posts\/41542\/revisions\/41545"}],"wp:featuredmedia":[{"embeddable":true,"href":"https:\/\/anprotec.org.br\/site\/wp-json\/wp\/v2\/media\/41543"}],"wp:attachment":[{"href":"https:\/\/anprotec.org.br\/site\/wp-json\/wp\/v2\/media?parent=41542"}],"wp:term":[{"taxonomy":"category","embeddable":true,"href":"https:\/\/anprotec.org.br\/site\/wp-json\/wp\/v2\/categories?post=41542"},{"taxonomy":"post_tag","embeddable":true,"href":"https:\/\/anprotec.org.br\/site\/wp-json\/wp\/v2\/tags?post=41542"},{"taxonomy":"calendar","embeddable":true,"href":"https:\/\/anprotec.org.br\/site\/wp-json\/wp\/v2\/calendar?post=41542"}],"curies":[{"name":"wp","href":"https:\/\/api.w.org\/{rel}","templated":true}]}}