{"id":41484,"date":"2022-06-15T11:24:32","date_gmt":"2022-06-15T14:24:32","guid":{"rendered":"https:\/\/anprotec.org.br\/site\/?p=41484"},"modified":"2025-02-24T17:47:22","modified_gmt":"2025-02-24T20:47:22","slug":"queremos-descentralizar-a-inovacao-diz-coordenador-do-mcti-durante-abertura-do-eli-summit-em-recife","status":"publish","type":"post","link":"https:\/\/anprotec.org.br\/site\/2022\/06\/queremos-descentralizar-a-inovacao-diz-coordenador-do-mcti-durante-abertura-do-eli-summit-em-recife\/","title":{"rendered":"\u201cQueremos descentralizar a inova\u00e7\u00e3o\u201d, diz coordenador do MCTI durante abertura do Eli Summit, em Recife"},"content":{"rendered":"<div class=\"text-content\">\n<p>O Minist\u00e9rio da Ci\u00eancia, Tecnologia e Inova\u00e7\u00f5es (MCTI) trabalha para pulverizar a inova\u00e7\u00e3o em todo o pa\u00eds. De acordo com o coordenador-geral de Ambientes Inovadores e Empreendedorismo do MCTI, Jos\u00e9 Silv\u00e9rio, a pasta tem voltado aportes de investimentos para \u201cdescentralizar a inova\u00e7\u00e3o no Brasil\u201d. A declara\u00e7\u00e3o foi dada durante a abertura do Eli Summit, encontro de imers\u00e3o entre ecossistemas locais de inova\u00e7\u00e3o do Brasil e internacionais, que teve in\u00edcio nesta quarta-feira (8), em Recife (PE).<\/p>\n<p>O evento, com programa\u00e7\u00e3o at\u00e9 sexta-feira (10), \u00e9 uma iniciativa do Sebrae Nacional, Sebrae Pernambuco e Sebrae Paran\u00e1, em parceria com a Associa\u00e7\u00e3o Nacional de Entidades Promotoras de Empreendimentos Inovadores (Anprotec) e o Porto Digital. Na ocasi\u00e3o, Sebrae e Anprotec assinaram um acordo de coopera\u00e7\u00e3o para capacita\u00e7\u00e3o e investimentos em micro e pequenas empresas voltadas \u00e0 inova\u00e7\u00e3o.<\/p>\n<div id=\"attachment_5709\" class=\"wp-caption alignnone\"><img decoding=\"async\" loading=\"lazy\" class=\"size-full wp-image-5709\" src=\"https:\/\/agenciasebrae.com.br\/wp-content\/uploads\/2022\/06\/Z18A3746-scaled.jpg\" alt=\"\" width=\"2560\" height=\"1707\" \/>Diretor-t\u00e9cnico do Sebrae, Bruno Quick, durante a abertur do Eli Summit, em Recife (PE). Cr\u00e9dito: Maker m\u00eddia<\/div>\n<p>Para o diretor-t\u00e9cnico do Sebrae Nacional, Bruno Quick, tratar de inova\u00e7\u00e3o \u00e9 tratar do futuro do pa\u00eds. \u201cO Sebrae investe em duas grandes frentes, que s\u00e3o a inova\u00e7\u00e3o e a educa\u00e7\u00e3o empreendedora. Com essas duas vertentes \u00e9 poss\u00edvel transformar realidades de empresas, cidades, regi\u00f5es e do pa\u00eds. Estamos aqui para discutir melhores pol\u00edticas p\u00fablicas que impactam as empresas que j\u00e1 existem e as que ir\u00e3o nascer\u201d, afirmou Quick, ao lembrar que o Brasil tem uma diversidade muito grande de oportunidades, levando em considera\u00e7\u00e3o seu territ\u00f3rio nacional.<\/p>\n<p>\u201cQueremos democratizar a inova\u00e7\u00e3o. Esse ativo n\u00e3o pode ser uma mancha aqui ou ali no Brasil. O Sebrae tem o compromisso de disseminar a inova\u00e7\u00e3o em todas as suas possibilidades. N\u00f3s capacitamos e oferecemos ferramentas de transforma\u00e7\u00e3o social atrav\u00e9s do empreendedorismo\u201d, complementou o diretor.<\/p>\n<p>O secret\u00e1rio de Ci\u00eancia, Tecnologia e Inova\u00e7\u00e3o de Pernambuco, Fernando Juc\u00e1, destacou o apoio do governo estadual para iniciativas como o Eli Summit. Segundo ele, a pauta inova\u00e7\u00e3o deve ser uma tem\u00e1tica permanente, contando com a atua\u00e7\u00e3o de todos os atores dos ecossistemas locais. \u201cAqui, no estado, reunimos Academia, associa\u00e7\u00f5es, empresas e governo em torno de causas aderentes ao setor econ\u00f4mico da regi\u00e3o. A inova\u00e7\u00e3o precisa ser trabalhada nas pontas, na educa\u00e7\u00e3o. Temos projetos como o Locus da Inova\u00e7\u00e3o, que formam verdadeiras redes de desenvolvimento\u201d, disse.<\/p>\n<p><strong>Mais competitividade<\/strong><\/p>\n<p>Para o presidente da Anprotec e superintendente do Sebrae Pernambuco, Francisco Saboya, investir em inova\u00e7\u00e3o \u00e9 sin\u00f4nimo de aumentar a competitividade das empresas e, consequentemente, melhorar a qualidade de vida das pessoas. \u201cOs resultados de encontros como o Eli Summit s\u00e3o capazes de transformar a realidade da nossa popula\u00e7\u00e3o\u201d, observou. \u201cQuando reunimos ecossistemas locais de inova\u00e7\u00e3o, extra\u00edmos uma for\u00e7a muito grande na medida em que estruturamos ambientes melhores para fazer neg\u00f3cios. Daqui podem sair novas ideias de neg\u00f3cios, investimentos, pol\u00edticas p\u00fablicas inovadoras, novas pesquisas e tantas outras possibilidades\u201d, exemplificou.<\/p>\n<p>O impacto econ\u00f4mico das micro e pequenas empresas foi ressaltado pelo diretor superintendente do Sebrae Paran\u00e1, J\u00falio Agostini. \u201cSem d\u00favidas, o que ser\u00e1 discutido no Eli Summit vai reverberar por todo o pa\u00eds. Aqui, oferecemos \u00e0 micro e pequena empresa um papel de destaque na transforma\u00e7\u00e3o e no desenvolvimento da sociedade, reconhecemos sua for\u00e7a para a economia e criamos condi\u00e7\u00f5es para que elas atinjam sua melhor performance\u201d, afirmou.<\/p>\n<p><strong>O evento<\/strong><\/p>\n<p>O Eli Summit \u00e9 um encontro in\u00e9dito entre ecossistemas locais de inova\u00e7\u00e3o. A iniciativa faz parte de abordagem do Programa Brasil + Inovador, que aporta nos munic\u00edpios brasileiros por meio de ecossistemas locais de inova\u00e7\u00e3o (ELI). Entre os mais de 350 participantes, h\u00e1 representantes de empresas de tecnologia, universidades, centros de ensino e pesquisa, aceleradoras, incubadoras, investidores, governos, ag\u00eancias de fomento e outros que integram o ecossistema. Para acessar a programa\u00e7\u00e3o completa clique\u00a0<strong><a href=\"https:\/\/elisummit.com.br\/\">aqui.<\/a><\/strong><\/p>\n<p>Confira a galeria de fotos neste\u00a0<strong><a href=\"https:\/\/agenciasebrae.com.br\/imagens\/inovacao\/abertura-do-eli-summit-em-recife-pe\/\" target=\"_blank\" rel=\"noopener noreferrer\">link<\/a><\/strong>.<\/p>\n<\/div>\n<div class=\"pikishare inline mobile\"><\/div>\n","protected":false},"excerpt":{"rendered":"<p>O Minist\u00e9rio da Ci\u00eancia, Tecnologia e Inova\u00e7\u00f5es (MCTI) trabalha para<span class=\"excerpt-hellip\"> [\u2026]<\/span><\/p>\n","protected":false},"author":8,"featured_media":41485,"comment_status":"closed","ping_status":"closed","sticky":false,"template":"","format":"standard","meta":{"footnotes":"","_links_to":"","_links_to_target":""},"categories":[3,414],"tags":[],"calendar":[],"_links":{"self":[{"href":"https:\/\/anprotec.org.br\/site\/wp-json\/wp\/v2\/posts\/41484"}],"collection":[{"href":"https:\/\/anprotec.org.br\/site\/wp-json\/wp\/v2\/posts"}],"about":[{"href":"https:\/\/anprotec.org.br\/site\/wp-json\/wp\/v2\/types\/post"}],"author":[{"embeddable":true,"href":"https:\/\/anprotec.org.br\/site\/wp-json\/wp\/v2\/users\/8"}],"replies":[{"embeddable":true,"href":"https:\/\/anprotec.org.br\/site\/wp-json\/wp\/v2\/comments?post=41484"}],"version-history":[{"count":1,"href":"https:\/\/anprotec.org.br\/site\/wp-json\/wp\/v2\/posts\/41484\/revisions"}],"predecessor-version":[{"id":41486,"href":"https:\/\/anprotec.org.br\/site\/wp-json\/wp\/v2\/posts\/41484\/revisions\/41486"}],"wp:featuredmedia":[{"embeddable":true,"href":"https:\/\/anprotec.org.br\/site\/wp-json\/wp\/v2\/media\/41485"}],"wp:attachment":[{"href":"https:\/\/anprotec.org.br\/site\/wp-json\/wp\/v2\/media?parent=41484"}],"wp:term":[{"taxonomy":"category","embeddable":true,"href":"https:\/\/anprotec.org.br\/site\/wp-json\/wp\/v2\/categories?post=41484"},{"taxonomy":"post_tag","embeddable":true,"href":"https:\/\/anprotec.org.br\/site\/wp-json\/wp\/v2\/tags?post=41484"},{"taxonomy":"calendar","embeddable":true,"href":"https:\/\/anprotec.org.br\/site\/wp-json\/wp\/v2\/calendar?post=41484"}],"curies":[{"name":"wp","href":"https:\/\/api.w.org\/{rel}","templated":true}]}}