{"id":41472,"date":"2022-06-14T14:19:52","date_gmt":"2022-06-14T17:19:52","guid":{"rendered":"https:\/\/anprotec.org.br\/site\/?p=41472"},"modified":"2025-02-24T17:49:04","modified_gmt":"2025-02-24T20:49:04","slug":"mre-realiza-4a-cupula-ministerial-sobre-produtividade-do-programa-regional-da-ocde-para-america-latina-e-caribe","status":"publish","type":"post","link":"https:\/\/anprotec.org.br\/site\/2022\/06\/mre-realiza-4a-cupula-ministerial-sobre-produtividade-do-programa-regional-da-ocde-para-america-latina-e-caribe\/","title":{"rendered":"MRE realiza 4\u00aa C\u00fapula Ministerial sobre Produtividade do Programa Regional da OCDE para Am\u00e9rica Latina e Caribe\u00a0"},"content":{"rendered":"<p><span style=\"font-weight: 400\"><img decoding=\"async\" loading=\"lazy\" class=\"size-full wp-image-41473 alignleft\" src=\"https:\/\/anprotec.org.br\/site\/wp-content\/uploads\/2022\/06\/home-1.jpg\" alt=\"\" width=\"370\" height=\"235\" srcset=\"https:\/\/anprotec.org.br\/site\/wp-content\/uploads\/2022\/06\/home-1.jpg 370w, https:\/\/anprotec.org.br\/site\/wp-content\/uploads\/2022\/06\/home-1-300x191.jpg 300w, https:\/\/anprotec.org.br\/site\/wp-content\/uploads\/2022\/06\/home-1-230x146.jpg 230w, https:\/\/anprotec.org.br\/site\/wp-content\/uploads\/2022\/06\/home-1-50x32.jpg 50w, https:\/\/anprotec.org.br\/site\/wp-content\/uploads\/2022\/06\/home-1-118x75.jpg 118w\" sizes=\"(max-width: 370px) 100vw, 370px\" \/>O Minist\u00e9rio das Rela\u00e7\u00f5es Exteriores lan\u00e7a em parceria com a OCDE e o Minist\u00e9rio da Economia a 4\u00aa C\u00fapula Ministerial sobre Produtividade do Programa Regional da OCDE para Am\u00e9rica Latina e Caribe.<\/span><\/p>\n<p><span style=\"font-weight: 400\">O evento, que acontecer\u00e1 presencialmente entre os dias 23 e 24 de junho, ser\u00e1 aberto ao p\u00fablico, e acontecer\u00e1 no Audit\u00f3rio Wladimir Murtinho, no Pal\u00e1cio Itamaraty, em Bras\u00edlia. A cerim\u00f4nia tamb\u00e9m ser\u00e1 aberta para os que quiserem acompanhar online.\u00a0<\/span><\/p>\n<p><span style=\"font-weight: 400\">A C\u00fapula tamb\u00e9m reunir\u00e1 funcion\u00e1rios dos pa\u00edses da OCDE e da Am\u00e9rica Latina, organiza\u00e7\u00f5es internacionais e at\u00e9\u00a0 personagens do setor privado quanto da sociedade civil, para debater o tema &#8220;Por uma integra\u00e7\u00e3o na economia mundial produtiva, sustent\u00e1vel e com foco nas pessoas&#8221;.<\/span><\/p>\n<p><span style=\"font-weight: 400\">A abertura contar\u00e1 com a presen\u00e7a do Secret\u00e1rio Geral da OCDE, Mathias Cormann. Junto dele, teremos o Ministro da Economia, Paulo Guedes, e o Ministro do Trabalho e Previd\u00eancia, Jos\u00e9 Carlos Oliveira.<\/span><\/p>\n<p><span style=\"font-weight: 400\">N\u00e3o perca! Para se inscrever e saber mais detalhes, acesse o link: <\/span><a href=\"https:\/\/oecd-events.org\/lac-productivity\/pt\/content\/registration1\"><span style=\"font-weight: 400\">https:\/\/oecd-events.org\/lac-productivity\/pt\/content\/registration1<\/span><\/a><span style=\"font-weight: 400\">\u00a0<\/span><\/p>\n","protected":false},"excerpt":{"rendered":"<p>O Minist\u00e9rio das Rela\u00e7\u00f5es Exteriores lan\u00e7a em parceria com a<span class=\"excerpt-hellip\"> [\u2026]<\/span><\/p>\n","protected":false},"author":8,"featured_media":41473,"comment_status":"closed","ping_status":"closed","sticky":false,"template":"","format":"standard","meta":{"footnotes":"","_links_to":"","_links_to_target":""},"categories":[3,414],"tags":[],"calendar":[],"_links":{"self":[{"href":"https:\/\/anprotec.org.br\/site\/wp-json\/wp\/v2\/posts\/41472"}],"collection":[{"href":"https:\/\/anprotec.org.br\/site\/wp-json\/wp\/v2\/posts"}],"about":[{"href":"https:\/\/anprotec.org.br\/site\/wp-json\/wp\/v2\/types\/post"}],"author":[{"embeddable":true,"href":"https:\/\/anprotec.org.br\/site\/wp-json\/wp\/v2\/users\/8"}],"replies":[{"embeddable":true,"href":"https:\/\/anprotec.org.br\/site\/wp-json\/wp\/v2\/comments?post=41472"}],"version-history":[{"count":1,"href":"https:\/\/anprotec.org.br\/site\/wp-json\/wp\/v2\/posts\/41472\/revisions"}],"predecessor-version":[{"id":41474,"href":"https:\/\/anprotec.org.br\/site\/wp-json\/wp\/v2\/posts\/41472\/revisions\/41474"}],"wp:featuredmedia":[{"embeddable":true,"href":"https:\/\/anprotec.org.br\/site\/wp-json\/wp\/v2\/media\/41473"}],"wp:attachment":[{"href":"https:\/\/anprotec.org.br\/site\/wp-json\/wp\/v2\/media?parent=41472"}],"wp:term":[{"taxonomy":"category","embeddable":true,"href":"https:\/\/anprotec.org.br\/site\/wp-json\/wp\/v2\/categories?post=41472"},{"taxonomy":"post_tag","embeddable":true,"href":"https:\/\/anprotec.org.br\/site\/wp-json\/wp\/v2\/tags?post=41472"},{"taxonomy":"calendar","embeddable":true,"href":"https:\/\/anprotec.org.br\/site\/wp-json\/wp\/v2\/calendar?post=41472"}],"curies":[{"name":"wp","href":"https:\/\/api.w.org\/{rel}","templated":true}]}}