{"id":4118,"date":"2013-09-20T18:03:33","date_gmt":"2013-09-20T21:03:33","guid":{"rendered":"http:\/\/anprotec.org.br\/site\/?p=4118"},"modified":"2013-09-25T15:02:15","modified_gmt":"2013-09-25T18:02:15","slug":"novo-sistema-da-finep-analisa-projetos-em-ate-30-dias","status":"publish","type":"post","link":"https:\/\/anprotec.org.br\/site\/2013\/09\/novo-sistema-da-finep-analisa-projetos-em-ate-30-dias\/","title":{"rendered":"<!--:pt-->Novo sistema da Finep analisa projetos em 30 dias<!--:-->"},"content":{"rendered":"<p><!--:pt--><\/p>\n<p dir=\"ltr\" style=\"text-align: justify;\"><img decoding=\"async\" loading=\"lazy\" class=\"alignleft size-thumbnail wp-image-3601\" alt=\"finep-30dias\" src=\"https:\/\/anprotec.org.br\/site\/wp-content\/uploads\/2013\/08\/finep-30dias-270x160.jpg\" width=\"270\" height=\"160\" \/>A \u00a0Finep &#8211; Ag\u00eancia Brasileira de Inova\u00e7\u00e3o lan\u00e7ou\u00a0na \u00faltima ter\u00e7a-feira, 3\/9, durante o 5\u00ba Congresso Brasileiro de Inova\u00e7\u00e3o da Ind\u00fastria, em S\u00e3o Paulo, o projeto\u00a0<strong>Finep 30 dias<\/strong>. Anunciado em setembro deste ano, o objetivo do sistema \u00e9 reduzir o tempo de an\u00e1lise de m\u00e9rito e enquadramento das propostas de financiamento recebidas. A nova iniciativa pretende reduzir de 112 para at\u00e9 30 dias o per\u00edodo de espera das propostas solicitadas.<\/p>\n<p dir=\"ltr\" style=\"text-align: justify;\"><a href=\"http:\/\/www.youtube.com\/watch?v=njZGCp8EU00&amp;feature=youtu.be\" target=\"_blank\">Confira um v\u00eddeo explicativo sobre o Finep 30 dias<\/a><\/p>\n<p dir=\"ltr\" style=\"text-align: justify;\">O projeto, <a href=\"http:\/\/www.finep.gov.br\/30dias\/\" target=\"_blank\">que j\u00e1 est\u00e1 operando<\/a>, prev\u00ea a inclus\u00e3o de um sistema diferenciado no Brasil, que contar\u00e1 com um rating de inova\u00e7\u00e3o \u2013 conjunto de 86 indicadores para classificar os projetos apresentados \u00e0 Finep. A ferramenta foi desenvolvida em conjunto com o Instituto de Pesquisa Econ\u00f4mica Aplicada (Ipea) para reestruturar as an\u00e1lises realizadas pelos profissionais da ag\u00eancia.<\/p>\n<p dir=\"ltr\" style=\"text-align: justify;\">Segundo a Finep, o novo modelo proporcionar\u00e1 mais garantia e seguran\u00e7a no processo, al\u00e9m da maior fluidez e redu\u00e7\u00e3o dos prazos.<\/p>\n<p dir=\"ltr\" style=\"text-align: justify;\"><em>*Com informa\u00e7\u00f5es da Ascom da Finep<\/em><\/p>\n<p><!--:--><\/p>\n","protected":false},"excerpt":{"rendered":"<p><!--:pt-->A Finep &#8211; Ag\u00eancia Brasileira de Inova\u00e7\u00e3o lan\u00e7a projeto para diminuir o tempo de an\u00e1lise de m\u00e9rito e enquadramento de financiamentos de 112 para at\u00e9 30 dias.<!--:--><\/p>\n","protected":false},"author":8,"featured_media":3601,"comment_status":"open","ping_status":"open","sticky":false,"template":"","format":"standard","meta":{"footnotes":"","_links_to":"","_links_to_target":""},"categories":[3],"tags":[],"calendar":[],"_links":{"self":[{"href":"https:\/\/anprotec.org.br\/site\/wp-json\/wp\/v2\/posts\/4118"}],"collection":[{"href":"https:\/\/anprotec.org.br\/site\/wp-json\/wp\/v2\/posts"}],"about":[{"href":"https:\/\/anprotec.org.br\/site\/wp-json\/wp\/v2\/types\/post"}],"author":[{"embeddable":true,"href":"https:\/\/anprotec.org.br\/site\/wp-json\/wp\/v2\/users\/8"}],"replies":[{"embeddable":true,"href":"https:\/\/anprotec.org.br\/site\/wp-json\/wp\/v2\/comments?post=4118"}],"version-history":[{"count":7,"href":"https:\/\/anprotec.org.br\/site\/wp-json\/wp\/v2\/posts\/4118\/revisions"}],"predecessor-version":[{"id":4151,"href":"https:\/\/anprotec.org.br\/site\/wp-json\/wp\/v2\/posts\/4118\/revisions\/4151"}],"wp:featuredmedia":[{"embeddable":true,"href":"https:\/\/anprotec.org.br\/site\/wp-json\/wp\/v2\/media\/3601"}],"wp:attachment":[{"href":"https:\/\/anprotec.org.br\/site\/wp-json\/wp\/v2\/media?parent=4118"}],"wp:term":[{"taxonomy":"category","embeddable":true,"href":"https:\/\/anprotec.org.br\/site\/wp-json\/wp\/v2\/categories?post=4118"},{"taxonomy":"post_tag","embeddable":true,"href":"https:\/\/anprotec.org.br\/site\/wp-json\/wp\/v2\/tags?post=4118"},{"taxonomy":"calendar","embeddable":true,"href":"https:\/\/anprotec.org.br\/site\/wp-json\/wp\/v2\/calendar?post=4118"}],"curies":[{"name":"wp","href":"https:\/\/api.w.org\/{rel}","templated":true}]}}