{"id":41145,"date":"2022-05-04T15:11:05","date_gmt":"2022-05-04T18:11:05","guid":{"rendered":"https:\/\/anprotec.org.br\/site\/?p=41145"},"modified":"2025-02-24T18:31:56","modified_gmt":"2025-02-24T21:31:56","slug":"mecanismos-credenciados-no-ideiaz-recebem-capacitacao-para-3-ciclo-do-programa","status":"publish","type":"post","link":"https:\/\/anprotec.org.br\/site\/2022\/05\/mecanismos-credenciados-no-ideiaz-recebem-capacitacao-para-3-ciclo-do-programa\/","title":{"rendered":"Mecanismos credenciados no Ideiaz recebem capacita\u00e7\u00e3o para 3\u00b0 ciclo do programa"},"content":{"rendered":"<p><img decoding=\"async\" class=\"aligncenter\" src=\"https:\/\/chat.google.com\/u\/3\/api\/get_attachment_url?url_type=FIFE_URL&amp;content_type=image%2Fpng&amp;attachment_token=AAUuIGuicBXXLHKLN1uKmj3SP%2BOFdUH1EEE%2Fk8QcCQF5ZpzyKbB9aStmOVy30kx%2FsTz1e9nLJyltcoEplEmCthGgBWj4vHSZW4DS1T7e%2FAjrViouByCeK4owERcWLmo2zJ6SKjGgR7BbsdcewGmvYf57%2B2SD%2B8HDscThcpUmgJtQR00HyeGre6qkIyPUT0zE25T%2FA7jWFECtjG9%2FyzZM5fYxpJ7UsZUZjevKLFT9MWLnnd9XEbJIecYhbfFxzH9eZPtLo0QWQZwOV8E6A2UkoRHvy8G37IrtojcMcxQ1Fkd8CwFp2mLZJKY6qscUFT3aQ7BBXWqhhKLfTth2G41t%2Bf8N4mZX3qyRhwtb66nzUVWfetZ1DWl42sZzJ6RjTVdPPfh2ASVxPPmfhH6DsTtWZiQ5wN2lSbWJnnQyH4evry1hBgBSn6tRY3XWzqq8pQBjf2h9s9uwVxIKb1Rqt%2BW2O00LmUAzpDnmNq3979b20IWRZ0Qu%2FGFwJBElBwhIgC9PAKcQFqnRtkApEcnqZM3LL%2BVx6A%3D%3D&amp;sz=w512&amp;authuser=3\" alt=\"Qualificac\u0327a\u0303o_Strateegia (1).png\" \/><\/p>\n<div>Na \u00faltima semana, os mecanismos credenciados no Ideiaz iniciaram o processo de qualifica\u00e7\u00e3o para atender os projetos selecionados no 3\u00b0 ciclo do programa.<\/div>\n<div>No workshop \u201cConstrua um pitch a partir de din\u00e2micas de colabora\u00e7\u00e3o criativa\u201d, foram abordados temas como a defini\u00e7\u00e3o de aspira\u00e7\u00f5es e capacidades para gerar novos neg\u00f3cios, al\u00e9m da proje\u00e7\u00e3o de produtos e servi\u00e7os e identifica\u00e7\u00e3o de valores e clientes. Metodologias e processos como Design Thinking e Lean Startup tamb\u00e9m foram temas tratados neste primeiro encontro.<\/div>\n<div><\/div>\n<div>Os mecanismos credenciados no programa s\u00e3o qualificados para apoiar projetos com diferentes tipos de metodologias, que podem ser aplicadas em diferentes \u00e1reas e setores. \u00a0 <b>Sobre o Ideiaz Powered by InovAtiva <\/b>\u00a0 Realizado pela Anprotec, o Sebrae e a Secretaria Especial de Produtividade e Competitividade do Minist\u00e9rio da Economia (Sepec\/ME), o Ideiaz oferece atividades de mentoria, consultoria organizacional, suporte tecnol\u00f3gico, suporte para formaliza\u00e7\u00e3o do neg\u00f3cio e qualifica\u00e7\u00e3o empreendedora.<\/div>\n<div>\n<div><\/div>\n<div><img decoding=\"async\" loading=\"lazy\" class=\"alignleft\" src=\"https:\/\/chat.google.com\/u\/3\/api\/get_attachment_url?url_type=FIFE_URL&amp;content_type=image%2Fpng&amp;attachment_token=AAUuIGscFFL26QR4QJBS16v9I3Mse2z9lQNDd3onvLBTUB4Q1TXLGaepJ2qiZlW8SEkcKQxNXyaNnh2bA1NSj8A9StMVwnimHBIxEnu5AcDZC2Cwt67sPuroMzM%2FvuE%2FMSiJ0bUhiurgBtuuR4rc7bVoo1dymVgJPwzf7S70RDMdg64VO1RBxFq2GmvHUhfqBFY0PkVpok3za6s5O700ar0QCrOIyaZzXOZDAzPCQq547Wc%2BWyH9mNJcs82G4w9ZEuLUr17sykfP4C6I%2BaeXeO%2BhpWqKqmnPAcxIVpu8FdgmOgHg3tXeLznsiLuufS4sgjPfY8TeCZ5gNZZQpudoPp%2BOkIxbPoDLtxxzGBymoS2RTvMobTrB%2FRepvcD0Kf5Tv%2FUc%2FQ4fhtsiMpq31uObFNOYx50MBJXYkTAG3GcxyVmelYMVvq8bQSj4lp60d4%2BtNmh6AcTOnCe1usZ4VFZbMjVjUJg7ji%2B5PmsWuLBQiEMm%2FVlH4gUST8A%2BUh%2B8mw%3D%3D&amp;sz=w512&amp;authuser=3\" alt=\"Qualif_Strateegia1 (1).png\" width=\"500\" height=\"279\" \/><\/div>\n<\/div>\n<div>\n<div>\n<div><a title=\"Qualific_Strateegia2 (1).png\" href=\"https:\/\/chat.google.com\/u\/3\/api\/get_attachment_url?url_type=DOWNLOAD_URL&amp;attachment_token=AAUuIGuT5VoPgc1a9AFgZryjbzOIfx512XS0KlPQJmuJ1C%2FHAtfTyDIZTJ5iqhrEdgwaWsm022NyirvczcBAynutnRWh1sXwYAxiJMx9ZPazFnoxqaX9xLKZujDETB4X8TyDKsnbEBLo9dt8SnZTLY1Tn6xnIwrOzMZi09jJ3OYhUdqDA6y69XJ4yR5FDBJyue6CSRLsdGiqtx9e2tA68%2FzdLodSUKfnDIxE9aKoAO99%2FZ3lKJOHoiQUwaaG7uYP20C%2B0FlSFi16L3qlQXLIV5Zh8BhSxlQA6hujsL%2FprpcWrqqOrjnPQapzXtdbiPv9K%2Fl%2BojNIPFZRKjWsa%2Fic4teBAa5ZZ%2BrvGCPa2TYg9etcm8xdpzXkGFvztl5CvIFbzCbxDqbsW2ZDB3AHgrogcsbDdoGbTSwiutXnFIs57DPdPjyh8n0bweUrYFb1gmWXX6vu8wLHd%2FgJJpunkGz1NGC2eYe67C1rz9E30iHUqvTeNGBw6d0j%2BcUgAzV5Y7SjaY3fiQ%3D%3D&amp;content_type=image%2Fpng&amp;auto=true&amp;authuser=3\" target=\"_blank\" rel=\"noopener nofollow noreferrer\" aria-label=\"Qualific_Strateegia2 (1).png, Imagem\"><img decoding=\"async\" loading=\"lazy\" class=\"alignleft\" title=\"Qualific_Strateegia2 (1).png\" src=\"https:\/\/chat.google.com\/u\/3\/api\/get_attachment_url?url_type=FIFE_URL&amp;content_type=image%2Fpng&amp;attachment_token=AAUuIGuT5VoPgc1a9AFgZryjbzOIfx512XS0KlPQJmuJ1C%2FHAtfTyDIZTJ5iqhrEdgwaWsm022NyirvczcBAynutnRWh1sXwYAxiJMx9ZPazFnoxqaX9xLKZujDETB4X8TyDKsnbEBLo9dt8SnZTLY1Tn6xnIwrOzMZi09jJ3OYhUdqDA6y69XJ4yR5FDBJyue6CSRLsdGiqtx9e2tA68%2FzdLodSUKfnDIxE9aKoAO99%2FZ3lKJOHoiQUwaaG7uYP20C%2B0FlSFi16L3qlQXLIV5Zh8BhSxlQA6hujsL%2FprpcWrqqOrjnPQapzXtdbiPv9K%2Fl%2BojNIPFZRKjWsa%2Fic4teBAa5ZZ%2BrvGCPa2TYg9etcm8xdpzXkGFvztl5CvIFbzCbxDqbsW2ZDB3AHgrogcsbDdoGbTSwiutXnFIs57DPdPjyh8n0bweUrYFb1gmWXX6vu8wLHd%2FgJJpunkGz1NGC2eYe67C1rz9E30iHUqvTeNGBw6d0j%2BcUgAzV5Y7SjaY3fiQ%3D%3D&amp;sz=w512&amp;authuser=3\" width=\"500\" height=\"280\" \/><\/a><\/div>\n<\/div>\n<\/div>\n<div><\/div>\n","protected":false},"excerpt":{"rendered":"<p>Na \u00faltima semana, os mecanismos credenciados no Ideiaz iniciaram o<span class=\"excerpt-hellip\"> [\u2026]<\/span><\/p>\n","protected":false},"author":8,"featured_media":41147,"comment_status":"closed","ping_status":"closed","sticky":false,"template":"","format":"standard","meta":{"footnotes":"","_links_to":"","_links_to_target":""},"categories":[3,414],"tags":[],"calendar":[],"_links":{"self":[{"href":"https:\/\/anprotec.org.br\/site\/wp-json\/wp\/v2\/posts\/41145"}],"collection":[{"href":"https:\/\/anprotec.org.br\/site\/wp-json\/wp\/v2\/posts"}],"about":[{"href":"https:\/\/anprotec.org.br\/site\/wp-json\/wp\/v2\/types\/post"}],"author":[{"embeddable":true,"href":"https:\/\/anprotec.org.br\/site\/wp-json\/wp\/v2\/users\/8"}],"replies":[{"embeddable":true,"href":"https:\/\/anprotec.org.br\/site\/wp-json\/wp\/v2\/comments?post=41145"}],"version-history":[{"count":2,"href":"https:\/\/anprotec.org.br\/site\/wp-json\/wp\/v2\/posts\/41145\/revisions"}],"predecessor-version":[{"id":41150,"href":"https:\/\/anprotec.org.br\/site\/wp-json\/wp\/v2\/posts\/41145\/revisions\/41150"}],"wp:featuredmedia":[{"embeddable":true,"href":"https:\/\/anprotec.org.br\/site\/wp-json\/wp\/v2\/media\/41147"}],"wp:attachment":[{"href":"https:\/\/anprotec.org.br\/site\/wp-json\/wp\/v2\/media?parent=41145"}],"wp:term":[{"taxonomy":"category","embeddable":true,"href":"https:\/\/anprotec.org.br\/site\/wp-json\/wp\/v2\/categories?post=41145"},{"taxonomy":"post_tag","embeddable":true,"href":"https:\/\/anprotec.org.br\/site\/wp-json\/wp\/v2\/tags?post=41145"},{"taxonomy":"calendar","embeddable":true,"href":"https:\/\/anprotec.org.br\/site\/wp-json\/wp\/v2\/calendar?post=41145"}],"curies":[{"name":"wp","href":"https:\/\/api.w.org\/{rel}","templated":true}]}}