{"id":40871,"date":"2022-03-30T17:12:01","date_gmt":"2022-03-30T20:12:01","guid":{"rendered":"https:\/\/anprotec.org.br\/site\/?p=40871"},"modified":"2025-02-25T14:00:44","modified_gmt":"2025-02-25T17:00:44","slug":"programa-ideiaz-realiza-webinar-para-tratar-sobre-o-que-fazer-para-transformar-uma-ideia-em-negocio","status":"publish","type":"post","link":"https:\/\/anprotec.org.br\/site\/2022\/03\/programa-ideiaz-realiza-webinar-para-tratar-sobre-o-que-fazer-para-transformar-uma-ideia-em-negocio\/","title":{"rendered":"Programa Ideiaz realiza webinar para tratar sobre &#8220;O que fazer para transformar uma ideia em neg\u00f3cio?&#8221;"},"content":{"rendered":"<p><img decoding=\"async\" loading=\"lazy\" class=\"size-full wp-image-40872 aligncenter\" src=\"https:\/\/anprotec.org.br\/site\/wp-content\/uploads\/2022\/03\/IDeiaz-webinar.png\" alt=\"\" width=\"1081\" height=\"1080\" srcset=\"https:\/\/anprotec.org.br\/site\/wp-content\/uploads\/2022\/03\/IDeiaz-webinar.png 1081w, https:\/\/anprotec.org.br\/site\/wp-content\/uploads\/2022\/03\/IDeiaz-webinar-300x300.png 300w, https:\/\/anprotec.org.br\/site\/wp-content\/uploads\/2022\/03\/IDeiaz-webinar-1024x1024.png 1024w, https:\/\/anprotec.org.br\/site\/wp-content\/uploads\/2022\/03\/IDeiaz-webinar-768x767.png 768w, https:\/\/anprotec.org.br\/site\/wp-content\/uploads\/2022\/03\/IDeiaz-webinar-146x146.png 146w, https:\/\/anprotec.org.br\/site\/wp-content\/uploads\/2022\/03\/IDeiaz-webinar-50x50.png 50w, https:\/\/anprotec.org.br\/site\/wp-content\/uploads\/2022\/03\/IDeiaz-webinar-75x75.png 75w, https:\/\/anprotec.org.br\/site\/wp-content\/uploads\/2022\/03\/IDeiaz-webinar-85x85.png 85w, https:\/\/anprotec.org.br\/site\/wp-content\/uploads\/2022\/03\/IDeiaz-webinar-80x80.png 80w\" sizes=\"(max-width: 1081px) 100vw, 1081px\" \/><\/p>\n<p>Voc\u00ea tem aquela ideia inovadora mas n\u00e3o sabe o que fazer para transform\u00e1-la em neg\u00f3cio? Gostaria de dicas, recomenda\u00e7\u00f5es e aprender um pouco sobre o tema com um especialista fundador de quase 20 startups que j\u00e1 atuou no Brasil, Estados Unidos e Europa? Ent\u00e3o esse recado \u00e9 para voc\u00ea!<\/p>\n<p>Na pr\u00f3xima <strong>segunda-feira (4\/4), \u00e0s 16h<\/strong>, o Kauan von Novack, Managing Director da Startupbootcamp Global, terceira maior aceleradora de startups do mundo com investimentos em mais de 1.300 startups e 5 unic\u00f3rnios, contar\u00e1 em um webinar quais s\u00e3o os primeiros passos para tirar uma ideia do papel e coloc\u00e1-la em pr\u00e1tica.<\/p>\n<p>N\u00e3o perca essa oportunidade!<\/p>\n<p>Assista em <a href=\"https:\/\/www.youtube.com\/watch?v=FxXQi80Pt_k\">https:\/\/www.youtube.com\/watch?v=FxXQi80Pt_k<\/a><\/p>\n","protected":false},"excerpt":{"rendered":"<p>Voc\u00ea tem aquela ideia inovadora mas n\u00e3o sabe o que<span class=\"excerpt-hellip\"> [\u2026]<\/span><\/p>\n","protected":false},"author":8,"featured_media":40874,"comment_status":"closed","ping_status":"closed","sticky":false,"template":"","format":"standard","meta":{"footnotes":"","_links_to":"","_links_to_target":""},"categories":[3,414],"tags":[],"calendar":[],"_links":{"self":[{"href":"https:\/\/anprotec.org.br\/site\/wp-json\/wp\/v2\/posts\/40871"}],"collection":[{"href":"https:\/\/anprotec.org.br\/site\/wp-json\/wp\/v2\/posts"}],"about":[{"href":"https:\/\/anprotec.org.br\/site\/wp-json\/wp\/v2\/types\/post"}],"author":[{"embeddable":true,"href":"https:\/\/anprotec.org.br\/site\/wp-json\/wp\/v2\/users\/8"}],"replies":[{"embeddable":true,"href":"https:\/\/anprotec.org.br\/site\/wp-json\/wp\/v2\/comments?post=40871"}],"version-history":[{"count":3,"href":"https:\/\/anprotec.org.br\/site\/wp-json\/wp\/v2\/posts\/40871\/revisions"}],"predecessor-version":[{"id":40877,"href":"https:\/\/anprotec.org.br\/site\/wp-json\/wp\/v2\/posts\/40871\/revisions\/40877"}],"wp:featuredmedia":[{"embeddable":true,"href":"https:\/\/anprotec.org.br\/site\/wp-json\/wp\/v2\/media\/40874"}],"wp:attachment":[{"href":"https:\/\/anprotec.org.br\/site\/wp-json\/wp\/v2\/media?parent=40871"}],"wp:term":[{"taxonomy":"category","embeddable":true,"href":"https:\/\/anprotec.org.br\/site\/wp-json\/wp\/v2\/categories?post=40871"},{"taxonomy":"post_tag","embeddable":true,"href":"https:\/\/anprotec.org.br\/site\/wp-json\/wp\/v2\/tags?post=40871"},{"taxonomy":"calendar","embeddable":true,"href":"https:\/\/anprotec.org.br\/site\/wp-json\/wp\/v2\/calendar?post=40871"}],"curies":[{"name":"wp","href":"https:\/\/api.w.org\/{rel}","templated":true}]}}