{"id":40743,"date":"2022-03-15T16:15:35","date_gmt":"2022-03-15T19:15:35","guid":{"rendered":"https:\/\/anprotec.org.br\/site\/?p=40743"},"modified":"2025-02-25T14:16:59","modified_gmt":"2025-02-25T17:16:59","slug":"superintendente-executivo-da-anprotec-participa-de-painel-no-festival-procurement-de-impacto-socioambiental","status":"publish","type":"post","link":"https:\/\/anprotec.org.br\/site\/2022\/03\/superintendente-executivo-da-anprotec-participa-de-painel-no-festival-procurement-de-impacto-socioambiental\/","title":{"rendered":"Superintendente Executivo da Anprotec participa de painel no Festival Procurement de Impacto Socioambiental"},"content":{"rendered":"<p><img decoding=\"async\" loading=\"lazy\" class=\" wp-image-40744 aligncenter\" src=\"https:\/\/anprotec.org.br\/site\/wp-content\/uploads\/2022\/03\/1647021241663.jpeg\" alt=\"\" width=\"780\" height=\"975\" srcset=\"https:\/\/anprotec.org.br\/site\/wp-content\/uploads\/2022\/03\/1647021241663.jpeg 1080w, https:\/\/anprotec.org.br\/site\/wp-content\/uploads\/2022\/03\/1647021241663-240x300.jpeg 240w, https:\/\/anprotec.org.br\/site\/wp-content\/uploads\/2022\/03\/1647021241663-819x1024.jpeg 819w, https:\/\/anprotec.org.br\/site\/wp-content\/uploads\/2022\/03\/1647021241663-768x960.jpeg 768w, https:\/\/anprotec.org.br\/site\/wp-content\/uploads\/2022\/03\/1647021241663-117x146.jpeg 117w, https:\/\/anprotec.org.br\/site\/wp-content\/uploads\/2022\/03\/1647021241663-40x50.jpeg 40w, https:\/\/anprotec.org.br\/site\/wp-content\/uploads\/2022\/03\/1647021241663-60x75.jpeg 60w\" sizes=\"(max-width: 780px) 100vw, 780px\" \/><\/p>\n<p>Amanh\u00e3 (16), a partir das 9h15, o superintendente executivo da Anprotec, Guila Calheiros, participar\u00e1 do Festival Procurement de Impacto Socioambiental, no painel \u2018Intermedi\u00e1rios: Estrat\u00e9gias para acelerar parcerias entre neg\u00f3cios de impacto e empresas\u2019.<\/p>\n<p>Tamb\u00e9m participar\u00e3o do painel Edgard Barki, coordenador da FGVcenn -, Helene Meurisse, operations officer da IFC &#8211; International Finance Corporation, Bruna Hirszman, key account manager da Sistema B e T\u00falio Notini, diretor de Corporate da Yunus Brasil.<\/p>\n<p>O festival \u00e9 gratuito e contar\u00e1 com tradu\u00e7\u00e3o simult\u00e2nea em Libras.<\/p>\n<p>Inscreva-se em https:\/\/bit.ly\/FestivalProcurement<\/p>\n","protected":false},"excerpt":{"rendered":"<p>Amanh\u00e3 (16), a partir das 9h15, o superintendente executivo da<span class=\"excerpt-hellip\"> [\u2026]<\/span><\/p>\n","protected":false},"author":8,"featured_media":40745,"comment_status":"closed","ping_status":"closed","sticky":false,"template":"","format":"standard","meta":{"footnotes":"","_links_to":"","_links_to_target":""},"categories":[416,395,3],"tags":[],"calendar":[],"_links":{"self":[{"href":"https:\/\/anprotec.org.br\/site\/wp-json\/wp\/v2\/posts\/40743"}],"collection":[{"href":"https:\/\/anprotec.org.br\/site\/wp-json\/wp\/v2\/posts"}],"about":[{"href":"https:\/\/anprotec.org.br\/site\/wp-json\/wp\/v2\/types\/post"}],"author":[{"embeddable":true,"href":"https:\/\/anprotec.org.br\/site\/wp-json\/wp\/v2\/users\/8"}],"replies":[{"embeddable":true,"href":"https:\/\/anprotec.org.br\/site\/wp-json\/wp\/v2\/comments?post=40743"}],"version-history":[{"count":1,"href":"https:\/\/anprotec.org.br\/site\/wp-json\/wp\/v2\/posts\/40743\/revisions"}],"predecessor-version":[{"id":40746,"href":"https:\/\/anprotec.org.br\/site\/wp-json\/wp\/v2\/posts\/40743\/revisions\/40746"}],"wp:featuredmedia":[{"embeddable":true,"href":"https:\/\/anprotec.org.br\/site\/wp-json\/wp\/v2\/media\/40745"}],"wp:attachment":[{"href":"https:\/\/anprotec.org.br\/site\/wp-json\/wp\/v2\/media?parent=40743"}],"wp:term":[{"taxonomy":"category","embeddable":true,"href":"https:\/\/anprotec.org.br\/site\/wp-json\/wp\/v2\/categories?post=40743"},{"taxonomy":"post_tag","embeddable":true,"href":"https:\/\/anprotec.org.br\/site\/wp-json\/wp\/v2\/tags?post=40743"},{"taxonomy":"calendar","embeddable":true,"href":"https:\/\/anprotec.org.br\/site\/wp-json\/wp\/v2\/calendar?post=40743"}],"curies":[{"name":"wp","href":"https:\/\/api.w.org\/{rel}","templated":true}]}}