{"id":40724,"date":"2022-03-11T15:15:30","date_gmt":"2022-03-11T18:15:30","guid":{"rendered":"https:\/\/anprotec.org.br\/site\/?p=40724"},"modified":"2025-02-25T14:17:58","modified_gmt":"2025-02-25T17:17:58","slug":"jabil-brasil-anuncia-o-lancamento-de-um-novo-centro-de-inovacao","status":"publish","type":"post","link":"https:\/\/anprotec.org.br\/site\/2022\/03\/jabil-brasil-anuncia-o-lancamento-de-um-novo-centro-de-inovacao\/","title":{"rendered":"Jabil Brasil anuncia o lan\u00e7amento de um novo Centro de Inova\u00e7\u00e3o"},"content":{"rendered":"<p><img decoding=\"async\" loading=\"lazy\" class=\"size-full wp-image-40726 aligncenter\" src=\"https:\/\/anprotec.org.br\/site\/wp-content\/uploads\/2022\/03\/unnamed-4.jpg\" alt=\"\" width=\"512\" height=\"269\" srcset=\"https:\/\/anprotec.org.br\/site\/wp-content\/uploads\/2022\/03\/unnamed-4.jpg 512w, https:\/\/anprotec.org.br\/site\/wp-content\/uploads\/2022\/03\/unnamed-4-300x158.jpg 300w, https:\/\/anprotec.org.br\/site\/wp-content\/uploads\/2022\/03\/unnamed-4-260x137.jpg 260w, https:\/\/anprotec.org.br\/site\/wp-content\/uploads\/2022\/03\/unnamed-4-50x26.jpg 50w, https:\/\/anprotec.org.br\/site\/wp-content\/uploads\/2022\/03\/unnamed-4-143x75.jpg 143w\" sizes=\"(max-width: 512px) 100vw, 512px\" \/><\/p>\n<p><strong>Data: 29\/03\/2022<\/strong><\/p>\n<p><strong>Hor\u00e1rio: 13h \u00e0s 15h no Youtube<\/strong><\/p>\n<p><strong>Inscri\u00e7\u00f5es via Eventbrite: <\/strong><a href=\"http:\/\/www.eventbrite.com.br\/e\/inauguracao-jabil-brasil-centro-de-inovacao-registration-294217882607?\">www.eventbrite.com.br\/e\/inauguracao-jabil-brasil-centro-de-inovacao-registration-294217882607?<\/a><\/p>\n<p>&nbsp;<\/p>\n<p>O primeiro Hub de Inova\u00e7\u00e3o totalmente dedicado a hardware no Brasil ser\u00e1 oficialmente inaugurado no dia 29 de mar\u00e7o, \u00e0s 13h, em um evento transmitido ao vivo no Youtube. Fa\u00e7a a sua inscri\u00e7\u00e3o!<\/p>\n<p>O<strong>\u00a0Jabil Brasil Centro de Inova\u00e7\u00e3o<\/strong>\u00a0conecta conhecimento e tecnologia na busca permanente por ideias e solu\u00e7\u00f5es inovadoras de hardware, capazes de responder a novos desafios sociais, gerar produtos de valor agregado e acelerar a inova\u00e7\u00e3o tecnol\u00f3gica do setor!<\/p>\n<p>O Hub de Inova\u00e7\u00e3o da Jabil \u00e9 apoiado pela Lei de Inform\u00e1tica (Lei n\u00b0 8.248\/1991) e foi criado para contribuir com startups de hardware e conect\u00e1-las a especialistas, institui\u00e7\u00f5es de pesquisa, incubadoras e clientes. As startups tamb\u00e9m ter\u00e3o acesso a um laborat\u00f3rio completo para atender aos seus diversos desafios. (Conhe\u00e7a mais benef\u00edcios em <a href=\"http:\/\/www.jabilbrasilcentrodeinovacao.com\">www.jabilbrasilcentrodeinovacao.com<\/a>)<\/p>\n<p>A Inaugura\u00e7\u00e3o oficial do Jabil Brasil Centro de Inova\u00e7\u00e3o ser\u00e1 transmitida ao vivo e contar\u00e1 com a participa\u00e7\u00e3o de Jos\u00e9 G. Gontijo: Diretor do Departamento de Ci\u00eancia, Tecnologia e Inova\u00e7\u00e3o Digital do MCTI.<\/p>\n<p>Confira abaixo a agenda completa do evento, que ainda apresentar\u00e1 o Painel Hardware no Brasil: conversa aberta sobre o ambiente de desenvolvimento de hardware no pa\u00eds!<\/p>\n<p>&nbsp;<\/p>\n<p><strong>AGENDA:<\/strong><\/p>\n<ul>\n<li><strong>13h00 \u2013 Abertura<\/strong><\/li>\n<li><strong>13h10 \u2013 Apresenta\u00e7\u00e3o:\u00a0<\/strong>Conhe\u00e7a as tecnologias e benef\u00edcios que o Hub de Inova\u00e7\u00e3o fornecer\u00e1 \u00e0s startups incubadas e ao ecossistema de hardware brasileiro. Participa\u00e7\u00e3o de Jos\u00e9 G. Gontijo, Diretor do Departamento de Ci\u00eancia, Tecnologia e Inova\u00e7\u00e3o Digital do MCTI.<\/li>\n<li><strong>13h40 &#8211; Perguntas e respostas<\/strong><\/li>\n<li><strong>14h00 \u2013 In\u00edcio do Painel \u201cHardware no Brasil\u201d<\/strong>, apresentado por Prof. Dr. Jo\u00e3o Ant\u00f4nio Zuffo (Prof. Titular da Escola Polit\u00e9cnica da USP), Jos\u00e9 Evangelista Terrabuio Junior (Founder &amp; CEO da Beenoculus e Beetools), Andr\u00e9 Bas\u00edlio (Business Unit Manager na Jabil).<\/li>\n<li><strong>15h00 \u2013 Encerramento <\/strong><\/li>\n<\/ul>\n<p>Contamos com a sua presen\u00e7a!<\/p>\n<p><strong>Link para inscri\u00e7\u00f5es: <\/strong><a href=\"http:\/\/www.eventbrite.com.br\/e\/inauguracao-jabil-brasil-centro-de-inovacao-registration-294217882607?\">www.eventbrite.com.br\/e\/inauguracao-jabil-brasil-centro-de-inovacao-registration-294217882607?<\/a><\/p>\n<p>&nbsp;<\/p>\n<p><strong>CONHE\u00c7A A JABIL:<\/strong><\/p>\n<p>Com mais de 260.000 funcion\u00e1rios ao redor do mundo, a Jabil est\u00e1 presente em 100 locais e 30 pa\u00edses.<\/p>\n<p>Nossa vis\u00e3o \u00e9 ser o fornecedor de solu\u00e7\u00f5es de fabrica\u00e7\u00e3o tecnol\u00f3gica mais avan\u00e7ado e confi\u00e1vel do mundo. Combinamos experi\u00eancia, recursos t\u00e9cnicos, design, know-how de fabrica\u00e7\u00e3o, insights da cadeia de suprimentos e experi\u00eancia em gerenciamento global de produtos para ajudar as marcas l\u00edderes mundiais a serem bem-sucedidas.<\/p>\n<p><strong>Visite:<\/strong>\u00a0<a href=\"https:\/\/www.jabil.com\/\">jabil.com<\/a><\/p>\n<p>&nbsp;<\/p>\n<p>&nbsp;<\/p>\n<p>&nbsp;<\/p>\n","protected":false},"excerpt":{"rendered":"<p>Data: 29\/03\/2022 Hor\u00e1rio: 13h \u00e0s 15h no Youtube Inscri\u00e7\u00f5es via<span class=\"excerpt-hellip\"> [\u2026]<\/span><\/p>\n","protected":false},"author":8,"featured_media":40727,"comment_status":"closed","ping_status":"closed","sticky":false,"template":"","format":"standard","meta":{"footnotes":"","_links_to":"","_links_to_target":""},"categories":[3,414],"tags":[],"calendar":[],"_links":{"self":[{"href":"https:\/\/anprotec.org.br\/site\/wp-json\/wp\/v2\/posts\/40724"}],"collection":[{"href":"https:\/\/anprotec.org.br\/site\/wp-json\/wp\/v2\/posts"}],"about":[{"href":"https:\/\/anprotec.org.br\/site\/wp-json\/wp\/v2\/types\/post"}],"author":[{"embeddable":true,"href":"https:\/\/anprotec.org.br\/site\/wp-json\/wp\/v2\/users\/8"}],"replies":[{"embeddable":true,"href":"https:\/\/anprotec.org.br\/site\/wp-json\/wp\/v2\/comments?post=40724"}],"version-history":[{"count":3,"href":"https:\/\/anprotec.org.br\/site\/wp-json\/wp\/v2\/posts\/40724\/revisions"}],"predecessor-version":[{"id":40740,"href":"https:\/\/anprotec.org.br\/site\/wp-json\/wp\/v2\/posts\/40724\/revisions\/40740"}],"wp:featuredmedia":[{"embeddable":true,"href":"https:\/\/anprotec.org.br\/site\/wp-json\/wp\/v2\/media\/40727"}],"wp:attachment":[{"href":"https:\/\/anprotec.org.br\/site\/wp-json\/wp\/v2\/media?parent=40724"}],"wp:term":[{"taxonomy":"category","embeddable":true,"href":"https:\/\/anprotec.org.br\/site\/wp-json\/wp\/v2\/categories?post=40724"},{"taxonomy":"post_tag","embeddable":true,"href":"https:\/\/anprotec.org.br\/site\/wp-json\/wp\/v2\/tags?post=40724"},{"taxonomy":"calendar","embeddable":true,"href":"https:\/\/anprotec.org.br\/site\/wp-json\/wp\/v2\/calendar?post=40724"}],"curies":[{"name":"wp","href":"https:\/\/api.w.org\/{rel}","templated":true}]}}