{"id":40702,"date":"2022-03-10T13:19:24","date_gmt":"2022-03-10T16:19:24","guid":{"rendered":"https:\/\/anprotec.org.br\/site\/?p=40702"},"modified":"2025-02-25T14:19:11","modified_gmt":"2025-02-25T17:19:11","slug":"abertas-as-inscricoes-para-o-hicool-global-entrepreneurship-competition","status":"publish","type":"post","link":"https:\/\/anprotec.org.br\/site\/2022\/03\/abertas-as-inscricoes-para-o-hicool-global-entrepreneurship-competition\/","title":{"rendered":"Abertas as inscri\u00e7\u00f5es para o &#8220;HiCool Global Entrepreneurship Competition&#8221;"},"content":{"rendered":"<p><span style=\"font-weight: 400\"><img decoding=\"async\" loading=\"lazy\" class=\"size-full wp-image-40703 alignleft\" src=\"https:\/\/anprotec.org.br\/site\/wp-content\/uploads\/2022\/03\/hicool.png\" alt=\"\" width=\"370\" height=\"235\" srcset=\"https:\/\/anprotec.org.br\/site\/wp-content\/uploads\/2022\/03\/hicool.png 370w, https:\/\/anprotec.org.br\/site\/wp-content\/uploads\/2022\/03\/hicool-300x191.png 300w, https:\/\/anprotec.org.br\/site\/wp-content\/uploads\/2022\/03\/hicool-230x146.png 230w, https:\/\/anprotec.org.br\/site\/wp-content\/uploads\/2022\/03\/hicool-50x32.png 50w, https:\/\/anprotec.org.br\/site\/wp-content\/uploads\/2022\/03\/hicool-118x75.png 118w\" sizes=\"(max-width: 370px) 100vw, 370px\" \/>O HICOOL Global Entrepreneur Summit \u00e9 um evento que conta com apoio da Apex-Brasil, e \u00e9 ideal para empreendedores que almejam explorar o mercado internacional, pois tem como objetivo construir um modelo empresarial internacional multin\u00edvel, multidimensional e diversificado, buscando startups de alta qualidade em todo o mundo, facilitando o crescimento e a expans\u00e3o de seus neg\u00f3cios.<\/span><\/p>\n<p><span style=\"font-weight: 400\">A competi\u00e7\u00e3o convida os principais investidores, mentores famosos e empreendedores l\u00edderes a fornecer orienta\u00e7\u00e3o e acelera\u00e7\u00e3o empresarial completa, para capacitar continuamente os empreendedores em Pequim.<\/span><\/p>\n<p><span style=\"font-weight: 400\">Na edi\u00e7\u00e3o de 2022, a competi\u00e7\u00e3o ser\u00e1 dividida nas seguintes categorias:<\/span><\/p>\n<p><span style=\"font-weight: 400\">(1) AI\/FinTech;<\/span><\/p>\n<p><span style=\"font-weight: 400\">(2) Sa\u00fade e Medicina;<\/span><\/p>\n<p><span style=\"font-weight: 400\">(3) Tecnologia de Informa\u00e7\u00f5es;<\/span><\/p>\n<p><span style=\"font-weight: 400\">(4) Equipamentos de alta tecnologia;<\/span><\/p>\n<p><span style=\"font-weight: 400\">(5) Energias renov\u00e1veis, conserva\u00e7\u00e3o energ\u00e9tica e <\/span><span style=\"font-weight: 400\">novos materiais;<\/span><\/p>\n<p><span style=\"font-weight: 400\">(6) Criatividade cultural;<\/span><\/p>\n<p><span style=\"font-weight: 400\">(7) Agritechs.<\/span><\/p>\n<p><span style=\"font-weight: 400\">A sele\u00e7\u00e3o dos participantes acontecer\u00e1 atrav\u00e9s de semin\u00e1rios online nos dias 15\/03, 24\/03 e 12\/04\/2022. E as inscri\u00e7\u00f5es dever\u00e3o ser feitas no site da <\/span><a href=\"https:\/\/www.hicool.com\/index.php\/account\/bole?language=en&amp;code=o3gkw\"><span style=\"font-weight: 400\">Hicool<\/span><\/a><span style=\"font-weight: 400\"> at\u00e9 o <\/span><span style=\"font-weight: 400\">dia 30 de abril.<\/span><\/p>\n<p><span style=\"font-weight: 400\">Para mais informa\u00e7\u00f5es, acesse:<\/span><\/p>\n<p><a href=\"https:\/\/www.hicool.com\/index.php\/account\/bole?language=en&amp;code=o3gkw\"><span style=\"font-weight: 400\">https:\/\/www.hicool.com\/index.php\/account\/bole?language=en&amp;code=o3gkw<\/span><\/a><\/p>\n","protected":false},"excerpt":{"rendered":"<p>O HICOOL Global Entrepreneur Summit \u00e9 um evento que conta<span class=\"excerpt-hellip\"> [\u2026]<\/span><\/p>\n","protected":false},"author":8,"featured_media":40703,"comment_status":"closed","ping_status":"closed","sticky":false,"template":"","format":"standard","meta":{"footnotes":"","_links_to":"","_links_to_target":""},"categories":[3,383,414],"tags":[],"calendar":[],"_links":{"self":[{"href":"https:\/\/anprotec.org.br\/site\/wp-json\/wp\/v2\/posts\/40702"}],"collection":[{"href":"https:\/\/anprotec.org.br\/site\/wp-json\/wp\/v2\/posts"}],"about":[{"href":"https:\/\/anprotec.org.br\/site\/wp-json\/wp\/v2\/types\/post"}],"author":[{"embeddable":true,"href":"https:\/\/anprotec.org.br\/site\/wp-json\/wp\/v2\/users\/8"}],"replies":[{"embeddable":true,"href":"https:\/\/anprotec.org.br\/site\/wp-json\/wp\/v2\/comments?post=40702"}],"version-history":[{"count":1,"href":"https:\/\/anprotec.org.br\/site\/wp-json\/wp\/v2\/posts\/40702\/revisions"}],"predecessor-version":[{"id":40704,"href":"https:\/\/anprotec.org.br\/site\/wp-json\/wp\/v2\/posts\/40702\/revisions\/40704"}],"wp:featuredmedia":[{"embeddable":true,"href":"https:\/\/anprotec.org.br\/site\/wp-json\/wp\/v2\/media\/40703"}],"wp:attachment":[{"href":"https:\/\/anprotec.org.br\/site\/wp-json\/wp\/v2\/media?parent=40702"}],"wp:term":[{"taxonomy":"category","embeddable":true,"href":"https:\/\/anprotec.org.br\/site\/wp-json\/wp\/v2\/categories?post=40702"},{"taxonomy":"post_tag","embeddable":true,"href":"https:\/\/anprotec.org.br\/site\/wp-json\/wp\/v2\/tags?post=40702"},{"taxonomy":"calendar","embeddable":true,"href":"https:\/\/anprotec.org.br\/site\/wp-json\/wp\/v2\/calendar?post=40702"}],"curies":[{"name":"wp","href":"https:\/\/api.w.org\/{rel}","templated":true}]}}