{"id":40670,"date":"2022-03-16T00:39:07","date_gmt":"2022-03-16T03:39:07","guid":{"rendered":"https:\/\/anprotec.org.br\/site\/?p=40670"},"modified":"2025-02-25T14:16:47","modified_gmt":"2025-02-25T17:16:47","slug":"inscricoes-abertas-para-curso-digital-de-implantacao-do-modelo-cerne","status":"publish","type":"post","link":"https:\/\/anprotec.org.br\/site\/2022\/03\/inscricoes-abertas-para-curso-digital-de-implantacao-do-modelo-cerne\/","title":{"rendered":"Inscri\u00e7\u00f5es abertas para Curso Digital de Implanta\u00e7\u00e3o do Modelo Cerne"},"content":{"rendered":"<h4><a href=\"https:\/\/docs.google.com\/forms\/d\/e\/1FAIpQLSepj1Hom9Xl2PGsi7__8Xbmrp7RdEP64gnK3IvnZJIrS2un0A\/viewform\"><img decoding=\"async\" loading=\"lazy\" class=\"aligncenter wp-image-40671 \" src=\"https:\/\/anprotec.org.br\/site\/wp-content\/uploads\/2022\/03\/Cerne-abril.jpg\" alt=\"\" width=\"929\" height=\"929\" srcset=\"https:\/\/anprotec.org.br\/site\/wp-content\/uploads\/2022\/03\/Cerne-abril.jpg 1080w, https:\/\/anprotec.org.br\/site\/wp-content\/uploads\/2022\/03\/Cerne-abril-300x300.jpg 300w, https:\/\/anprotec.org.br\/site\/wp-content\/uploads\/2022\/03\/Cerne-abril-1024x1024.jpg 1024w, https:\/\/anprotec.org.br\/site\/wp-content\/uploads\/2022\/03\/Cerne-abril-768x768.jpg 768w, https:\/\/anprotec.org.br\/site\/wp-content\/uploads\/2022\/03\/Cerne-abril-146x146.jpg 146w, https:\/\/anprotec.org.br\/site\/wp-content\/uploads\/2022\/03\/Cerne-abril-50x50.jpg 50w, https:\/\/anprotec.org.br\/site\/wp-content\/uploads\/2022\/03\/Cerne-abril-75x75.jpg 75w, https:\/\/anprotec.org.br\/site\/wp-content\/uploads\/2022\/03\/Cerne-abril-85x85.jpg 85w, https:\/\/anprotec.org.br\/site\/wp-content\/uploads\/2022\/03\/Cerne-abril-80x80.jpg 80w\" sizes=\"(max-width: 929px) 100vw, 929px\" \/><\/a><\/h4>\n<h4><strong>Curso Digital de Implanta\u00e7\u00e3o do Modelo Cerne<\/strong><\/h4>\n<p>Como o objetivo de tornar os participantes capazes de planejar e implantar os processos e pr\u00e1ticas propostas pelo Modelo Cerne, a Anprotec apresenta mais uma edi\u00e7\u00e3o digital do curso de Implanta\u00e7\u00e3o do Modelo Cerne de Gest\u00e3o de Incubadoras.<\/p>\n<p>A capacita\u00e7\u00e3o \u00e9 focada na concep\u00e7\u00e3o, implanta\u00e7\u00e3o e opera\u00e7\u00e3o de sistemas de incuba\u00e7\u00e3o, de forma a possibilitar a gera\u00e7\u00e3o sistem\u00e1tica de inova\u00e7\u00f5es.<\/p>\n<p>A implanta\u00e7\u00e3o aborda conte\u00fados que v\u00e3o desde a sele\u00e7\u00e3o de empreendimentos inovadores at\u00e9 a internacionaliza\u00e7\u00e3o das incubadoras.<\/p>\n<p><strong style=\"font-style: inherit\">INVESTIMENTO<\/strong><\/p>\n<p><strong style=\"font-style: inherit\">Inscri\u00e7\u00f5es em grupos de cinco pessoas ligadas a um mesmo ambiente:<\/strong><\/p>\n<p>R$ 2500 (associado Anprotec);<br \/>\nR$ 3500 (n\u00e3o associado).<\/p>\n<p><strong style=\"font-style: inherit\">Inscri\u00e7\u00f5es Individuais:<\/strong><\/p>\n<p>R$ 600 individual (associado Anprotec);<br \/>\nR$ 800 individual (n\u00e3o associado).<\/p>\n<p>As vagas ser\u00e3o confirmadas ap\u00f3s a comprova\u00e7\u00e3o do pagamento. Ser\u00e3o 30 vagas.<\/p>\n<p>Data: 4\/4 a 12\/4<br \/>\nHor\u00e1rio: 18h \u00e0s 21h<br \/>\nCarga hor\u00e1ria: 24 horas<br \/>\nAs aulas s\u00e3o s\u00edncronas e realizadas apenas em dias \u00fateis. Para obter o certificado o aluno deve ter pelo menos 80% de participa\u00e7\u00e3o nas aulas.<\/p>\n<p>Para esclarecimentos de d\u00favidas entre em contato pelos e-mails: <span style=\"color: #0000ff\"><a href=\"mailto:vanusa@anprotec.org.br\" target=\"_blank\" rel=\"noopener noreferrer\">vanusa@anprotec.org.br<\/a>;\u00a0<a href=\"mailto:adm@anprotec.org.br\" target=\"_blank\" rel=\"noopener noreferrer\">adm@anprotec.org.br<\/a>\u00a0<\/span><\/p>\n<p><strong style=\"font-style: inherit\">Confira a\u00a0<\/strong><a href=\"https:\/\/anprotec.org.br\/site\/wp-content\/uploads\/2021\/01\/Cerne-Digital-2021.pdf\"><strong style=\"font-style: inherit\">metodologia<\/strong><\/a><strong style=\"font-style: inherit\">\u00a0de cada aula.<\/strong><\/p>\n<p><b>Inscri\u00e7\u00f5es encerradas, <a href=\"https:\/\/docs.google.com\/forms\/d\/e\/1FAIpQLScNb4cE-wV-RpMXSYJtjj6wOaLlw4-h-3W95xMumREjx6JWRg\/viewform\">clique aqui para entrar na lista de espera.<\/a><\/b><\/p>\n<p>&nbsp;<\/p>\n","protected":false},"excerpt":{"rendered":"<p>Curso Digital de Implanta\u00e7\u00e3o do Modelo Cerne Como o objetivo<span class=\"excerpt-hellip\"> [\u2026]<\/span><\/p>\n","protected":false},"author":8,"featured_media":37059,"comment_status":"closed","ping_status":"closed","sticky":false,"template":"","format":"standard","meta":{"footnotes":"","_links_to":"","_links_to_target":""},"categories":[395,417,3,383],"tags":[],"calendar":[],"_links":{"self":[{"href":"https:\/\/anprotec.org.br\/site\/wp-json\/wp\/v2\/posts\/40670"}],"collection":[{"href":"https:\/\/anprotec.org.br\/site\/wp-json\/wp\/v2\/posts"}],"about":[{"href":"https:\/\/anprotec.org.br\/site\/wp-json\/wp\/v2\/types\/post"}],"author":[{"embeddable":true,"href":"https:\/\/anprotec.org.br\/site\/wp-json\/wp\/v2\/users\/8"}],"replies":[{"embeddable":true,"href":"https:\/\/anprotec.org.br\/site\/wp-json\/wp\/v2\/comments?post=40670"}],"version-history":[{"count":2,"href":"https:\/\/anprotec.org.br\/site\/wp-json\/wp\/v2\/posts\/40670\/revisions"}],"predecessor-version":[{"id":40855,"href":"https:\/\/anprotec.org.br\/site\/wp-json\/wp\/v2\/posts\/40670\/revisions\/40855"}],"wp:featuredmedia":[{"embeddable":true,"href":"https:\/\/anprotec.org.br\/site\/wp-json\/wp\/v2\/media\/37059"}],"wp:attachment":[{"href":"https:\/\/anprotec.org.br\/site\/wp-json\/wp\/v2\/media?parent=40670"}],"wp:term":[{"taxonomy":"category","embeddable":true,"href":"https:\/\/anprotec.org.br\/site\/wp-json\/wp\/v2\/categories?post=40670"},{"taxonomy":"post_tag","embeddable":true,"href":"https:\/\/anprotec.org.br\/site\/wp-json\/wp\/v2\/tags?post=40670"},{"taxonomy":"calendar","embeddable":true,"href":"https:\/\/anprotec.org.br\/site\/wp-json\/wp\/v2\/calendar?post=40670"}],"curies":[{"name":"wp","href":"https:\/\/api.w.org\/{rel}","templated":true}]}}