{"id":40579,"date":"2022-02-23T01:01:18","date_gmt":"2022-02-23T04:01:18","guid":{"rendered":"https:\/\/anprotec.org.br\/site\/?p=40579"},"modified":"2025-02-25T14:51:27","modified_gmt":"2025-02-25T17:51:27","slug":"com-faturamento-de-mais-de-r-36-bi-em-2021-porto-digital-registra-crescimento-de-29","status":"publish","type":"post","link":"https:\/\/anprotec.org.br\/site\/2022\/02\/com-faturamento-de-mais-de-r-36-bi-em-2021-porto-digital-registra-crescimento-de-29\/","title":{"rendered":"Com faturamento de mais de R$ 3,6 bi em 2021, Porto Digital registra crescimento de 29%"},"content":{"rendered":"<p><img decoding=\"async\" loading=\"lazy\" class=\" wp-image-40581 alignleft\" src=\"https:\/\/anprotec.org.br\/site\/wp-content\/uploads\/2022\/02\/PG.jpg\" alt=\"\" width=\"252\" height=\"160\" srcset=\"https:\/\/anprotec.org.br\/site\/wp-content\/uploads\/2022\/02\/PG.jpg 370w, https:\/\/anprotec.org.br\/site\/wp-content\/uploads\/2022\/02\/PG-300x191.jpg 300w, https:\/\/anprotec.org.br\/site\/wp-content\/uploads\/2022\/02\/PG-230x146.jpg 230w, https:\/\/anprotec.org.br\/site\/wp-content\/uploads\/2022\/02\/PG-50x32.jpg 50w, https:\/\/anprotec.org.br\/site\/wp-content\/uploads\/2022\/02\/PG-118x75.jpg 118w\" sizes=\"(max-width: 252px) 100vw, 252px\" \/><\/p>\n<p dir=\"ltr\">Considerado um dos maiores parques tecnol\u00f3gicos da Am\u00e9rica Latina, o Porto Digital registrou aumento de quase 29% no faturamento, com resultado de R$ 3,67 bilh\u00f5es, e cerca de 10% a mais no n\u00famero de colaboradores em compara\u00e7\u00e3o ao ano anterior, somando quase 15 mil profissionais. O crescimento mostra que, mesmo com os efeitos provocados pela pandemia da covid-19, o Porto Digital se adequou \u00e0 nova realidade e continuou avan\u00e7ando.<\/p>\n<p dir=\"ltr\">\u201cMesmo com os eventos adversos provocados pela crise sanit\u00e1ria, chegamos a 355 empresas embarcadas no Porto Digital e temos um crescimento de quase 100% do faturamento entre 2018 e 2021\u201d, comemora o presidente do parque tecnol\u00f3gico, Pierre Lucena.<\/p>\n<p dir=\"ltr\">Ao todo, o parque faturou R$ R$ 3.678.614.114 em 2021, crescimento de 28,6% em rela\u00e7\u00e3o ao ano anterior. Dentre as empresas embarcadas no Porto Digital, as que registraram maior crescimento em 2021 foram a FindUp, Insole e Mesa. J\u00e1 entre as que mais faturaram est\u00e3o, em ordem alfab\u00e9tica, Accenture, Acqio, Avanade, Avantia, CESAR, FITec, Globo Nordeste, Insole, Neurotech e Tempest.<\/p>\n<p dir=\"ltr\">Do ponto de vista de capital humano, o parque agora conta com 14.790 colaboradores &#8211; 10,5% a mais do que em 2020, acumulando aumento de 56% registrado entre 2018 e 2021. Entre as que mais empregam colaboradores no parque est\u00e3o Accenture, Avanade, Avantia, CESAR, FITec, Pitang, Serttel, Speed+, Tempest e EAD Uninassau.<\/p>\n<p dir=\"ltr\">At\u00e9 2025, a meta \u00e9 que o Porto Digital tenha cerca de 20 mil colaboradores distribu\u00eddos entre 500 e 600 empresas, atingindo faturamento de R$ 3,5 bilh\u00f5es, valor j\u00e1 ultrapassado. Com essa amplia\u00e7\u00e3o, o parque atinge o dobro de tamanho em rela\u00e7\u00e3o a 2018.<\/p>\n<p dir=\"ltr\"><strong>Porto Digital<\/strong><\/p>\n<p dir=\"ltr\">O Porto Digital \u00e9 um dos grandes representantes da economia do Estado de Pernambuco atualmente. Atualmente, o parque possui mais de 300 empresas e conta com cerca de 11 mil funcion\u00e1rios. Sua atua\u00e7\u00e3o se d\u00e1 nas \u00e1reas de produ\u00e7\u00e3o de software, servi\u00e7os de Tecnologia da Informa\u00e7\u00e3o e Comunica\u00e7\u00e3o (TIC) e economia criativa com \u00eanfase nos ramos de jogos eletr\u00f4nicos, audiovisual, m\u00fasica, fotografia e design.<\/p>\n<p dir=\"ltr\">O parque est\u00e1 instalado no centro hist\u00f3rico da cidade do Recife, totalizando 171 hectares na capital pernambucana. A \u00e1rea que foi ocupada pelo parque vem sendo cada vez mais requalificada em termos imobili\u00e1rios, urban\u00edsticos e de recupera\u00e7\u00e3o do patrim\u00f4nio hist\u00f3rico. Desde sua funda\u00e7\u00e3o, em 2000, mais de 138 mil metros quadrados de im\u00f3veis hist\u00f3ricos foram restaurados.<\/p>\n<p dir=\"ltr\">Al\u00e9m da capital, o Porto Digital tamb\u00e9m est\u00e1 presente no Agreste pernambucano com o Armaz\u00e9m da Criatividade, localizado em Caruaru. Inaugurado em 2015, o Armaz\u00e9m conta com incubadoras para desenvolver empresas de diversos segmentos, enfatizando o com\u00e9rcio ligado \u00e0 produ\u00e7\u00e3o t\u00eaxtil, um dos pontos fortes da regi\u00e3o.<\/p>\n<p dir=\"ltr\">Fonte: Porto Digital<\/p>\n","protected":false},"excerpt":{"rendered":"<p>Considerado um dos maiores parques tecnol\u00f3gicos da Am\u00e9rica Latina, o<span class=\"excerpt-hellip\"> [\u2026]<\/span><\/p>\n","protected":false},"author":8,"featured_media":40581,"comment_status":"closed","ping_status":"closed","sticky":false,"template":"","format":"standard","meta":{"footnotes":"","_links_to":"","_links_to_target":""},"categories":[415,3],"tags":[],"calendar":[],"_links":{"self":[{"href":"https:\/\/anprotec.org.br\/site\/wp-json\/wp\/v2\/posts\/40579"}],"collection":[{"href":"https:\/\/anprotec.org.br\/site\/wp-json\/wp\/v2\/posts"}],"about":[{"href":"https:\/\/anprotec.org.br\/site\/wp-json\/wp\/v2\/types\/post"}],"author":[{"embeddable":true,"href":"https:\/\/anprotec.org.br\/site\/wp-json\/wp\/v2\/users\/8"}],"replies":[{"embeddable":true,"href":"https:\/\/anprotec.org.br\/site\/wp-json\/wp\/v2\/comments?post=40579"}],"version-history":[{"count":2,"href":"https:\/\/anprotec.org.br\/site\/wp-json\/wp\/v2\/posts\/40579\/revisions"}],"predecessor-version":[{"id":40584,"href":"https:\/\/anprotec.org.br\/site\/wp-json\/wp\/v2\/posts\/40579\/revisions\/40584"}],"wp:featuredmedia":[{"embeddable":true,"href":"https:\/\/anprotec.org.br\/site\/wp-json\/wp\/v2\/media\/40581"}],"wp:attachment":[{"href":"https:\/\/anprotec.org.br\/site\/wp-json\/wp\/v2\/media?parent=40579"}],"wp:term":[{"taxonomy":"category","embeddable":true,"href":"https:\/\/anprotec.org.br\/site\/wp-json\/wp\/v2\/categories?post=40579"},{"taxonomy":"post_tag","embeddable":true,"href":"https:\/\/anprotec.org.br\/site\/wp-json\/wp\/v2\/tags?post=40579"},{"taxonomy":"calendar","embeddable":true,"href":"https:\/\/anprotec.org.br\/site\/wp-json\/wp\/v2\/calendar?post=40579"}],"curies":[{"name":"wp","href":"https:\/\/api.w.org\/{rel}","templated":true}]}}