{"id":40477,"date":"2022-02-08T11:50:22","date_gmt":"2022-02-08T14:50:22","guid":{"rendered":"https:\/\/anprotec.org.br\/site\/?p=40477"},"modified":"2025-02-25T15:02:36","modified_gmt":"2025-02-25T18:02:36","slug":"acate-lanca-programa-para-incentivar-empresas-de-tecnologia-a-investirem-na-qualidade-de-vida-dos-colaboradores","status":"publish","type":"post","link":"https:\/\/anprotec.org.br\/site\/2022\/02\/acate-lanca-programa-para-incentivar-empresas-de-tecnologia-a-investirem-na-qualidade-de-vida-dos-colaboradores\/","title":{"rendered":"ACATE lan\u00e7a programa para incentivar empresas de tecnologia a investirem na qualidade de vida dos colaboradores"},"content":{"rendered":"<div style=\"text-align: center\">\n<p dir=\"ltr\" style=\"text-align: center\"><em>ACATE Care oferece condi\u00e7\u00f5es especiais na contrata\u00e7\u00e3o de produtos e servi\u00e7os voltados para sa\u00fade f\u00edsica, mental, financeira e no trabalho<\/em><\/p>\n<div><img decoding=\"async\" loading=\"lazy\" class=\"CToWUd a6T aligncenter\" src=\"https:\/\/mail.google.com\/mail\/u\/3?ui=2&amp;ik=7e6cf4a60a&amp;attid=0.0.1&amp;permmsgid=msg-f:1724387480488132532&amp;th=17ee4146fda03fb4&amp;view=fimg&amp;fur=ip&amp;sz=s0-l75-ft&amp;attbid=ANGjdJ-USe3smCrBX8l8m4VvUgwnJ0Ee_mYn1llp3kdyxKo6tO6iFYY8YCINiTwGmG95gX46eWQCw9J2n5noFFKyPP7tZEuEP4zgsJOQtaE5QTbYXN3QU-qoJGVNWL8&amp;disp=emb&amp;realattid=ii_kzh2j0hy0\" alt=\"acatecare01.jpg\" width=\"452\" height=\"341\" data-image-whitelisted=\"\" \/><\/div>\n<p><em>Lan\u00e7amento do ACATE Care no Cia Primavera, em Florian\u00f3polis. Foto: Divulga\u00e7\u00e3o<\/em><\/p>\n<p dir=\"ltr\" style=\"text-align: left\">Transformar a qualidade de vida e priorizar a sa\u00fade dos colaboradores de empresas de base tecnol\u00f3gica de Santa Catarina. Esse \u00e9 o objetivo do <a href=\"https:\/\/sc.acate.com.br\/acate-care\" target=\"_blank\" rel=\"noopener noreferrer\" data-saferedirecturl=\"https:\/\/www.google.com\/url?q=https:\/\/sc.acate.com.br\/acate-care&amp;source=gmail&amp;ust=1644590474585000&amp;usg=AOvVaw3rV10lnhqzOv5UX742Yaur\">ACATE Care<\/a>, programa da Associa\u00e7\u00e3o Catarinense de Tecnologia (ACATE) que re\u00fane uma s\u00e9rie de benef\u00edcios voltados para a sa\u00fade f\u00edsica, mental, financeira e no trabalho. A iniciativa foi apresentada nesta quarta-feira, 9 de fevereiro, no audit\u00f3rio do CIA Primavera em Florian\u00f3polis e com transmiss\u00e3o ao vivo pelo <a href=\"https:\/\/www.youtube.com\/watch?v=WEdVdvLk78U\" target=\"_blank\" rel=\"noopener noreferrer\" data-saferedirecturl=\"https:\/\/www.google.com\/url?q=https:\/\/www.youtube.com\/watch?v%3DWEdVdvLk78U&amp;source=gmail&amp;ust=1644590474585000&amp;usg=AOvVaw2Hd_M_vd_UxlxgzpGfAAZN\">canal do YouTube<\/a>. Os produtos e servi\u00e7os, oferecidos por parceiros da ACATE, possuem condi\u00e7\u00f5es especiais de contrata\u00e7\u00e3o para os associados.<\/p>\n<p dir=\"ltr\" style=\"text-align: left\">O presidente da ACATE, Iomani Engelmann, afirma que a cria\u00e7\u00e3o do programa partiu de um debate da associa\u00e7\u00e3o, enquanto entidade do ecossistema catarinense de inova\u00e7\u00e3o, que precisava de um produto para que as empresas cuidassem de seus colaboradores de forma mais completa. \u201cO ACATE Care tem o conceito de olhar a vida do colaborador de uma forma mais sist\u00eamica, com foco em pilares que por vezes as pessoas t\u00eam dificuldade de encontrar conte\u00fado adequado, que \u00e9 o caso da educa\u00e7\u00e3o financeira e, inclusive, do bem-estar. Manter a equipe de trabalho com qualidade de vida \u00e9 fundamental para que haja melhoria na produtividade, na motiva\u00e7\u00e3o e, consequentemente, nos resultados\u201d, define.<\/p>\n<p dir=\"ltr\" style=\"text-align: left\">Para dar uma dimens\u00e3o dos desafios na \u00e1rea de sa\u00fade dentro das empresas, em 2022, a Organiza\u00e7\u00e3o Mundial da Sa\u00fade (OMS) classificou o burnout como uma doen\u00e7a de trabalho. Uma pesquisa divulgada pela Yellow Brick Program, em 2019, aponta que cerca de 90% dos profissionais millennials j\u00e1 passaram por algum tipo de burnout. Outro dado preocupante: segundo a OMS, o Brasil, desde 2017, possui a maior taxa de transtorno de ansiedade do mundo e \u00e9 o quinto pa\u00eds em \u00edndice de depress\u00e3o. A institui\u00e7\u00e3o estima que os transtornos mentais geram, por ano, uma perda de US$ 1 trilh\u00e3o para a economia mundial.<\/p>\n<p dir=\"ltr\" style=\"text-align: left\">O evento de lan\u00e7amento contou com um debate sobre a sa\u00fade integral de trabalhadores em painel com a jornalista e palestrante Glenda Kozlowski e com a condu\u00e7\u00e3o de Walmoli Gerber Jr., diretor da Vertical Sa\u00fade da associa\u00e7\u00e3o.<\/p>\n<p dir=\"ltr\" style=\"text-align: left\">Como funciona o ACATE Care<\/p>\n<p dir=\"ltr\" style=\"text-align: left\">Os descontos exclusivos do ACATE Care compreendem diversos servi\u00e7os. Para cuidados com a sa\u00fade f\u00edsica, os colaboradores das empresas associadas ter\u00e3o acesso a planos de sa\u00fade, odontol\u00f3gicos, al\u00e9m de academias e plataformas que auxiliam na nutri\u00e7\u00e3o e em atividades f\u00edsicas. Na \u00e1rea da sa\u00fade mental, haver\u00e1 acesso a servi\u00e7os de apoio psicol\u00f3gico, psiqui\u00e1tricos e terap\u00eauticos. No ambiente de trabalho, as empresas participantes do ACATE Care poder\u00e3o contratar programas de sa\u00fade ocupacional, auditiva e ergon\u00f4mica, al\u00e9m de acesso a capacita\u00e7\u00f5es e cursos. J\u00e1 na sa\u00fade financeira, engloba planos de previd\u00eancia privada, cart\u00f5es de benef\u00edcio, planejamento financeiro e cr\u00e9dito.<\/p>\n<p dir=\"ltr\" style=\"text-align: left\">A<a href=\"https:\/\/sc.acate.com.br\/acate-care\" target=\"_blank\" rel=\"noopener noreferrer\" data-saferedirecturl=\"https:\/\/www.google.com\/url?q=https:\/\/sc.acate.com.br\/acate-care&amp;source=gmail&amp;ust=1644590474585000&amp;usg=AOvVaw3rV10lnhqzOv5UX742Yaur\"> p\u00e1gina do ACATE Care<\/a> traz todas as informa\u00e7\u00f5es do programa, com os produtos e servi\u00e7os de sa\u00fade e bem-estar dispon\u00edveis com condi\u00e7\u00f5es especiais. Em caso de d\u00favidas, basta entrar em contato no email <a href=\"mailto:beneficios@acate.com.br\" target=\"_blank\" rel=\"noopener noreferrer\">beneficios@acate.com.br<\/a>.<\/p>\n<\/div>\n<div dir=\"ltr\" style=\"text-align: left\" data-smartmail=\"gmail_signature\"><\/div>\n","protected":false},"excerpt":{"rendered":"<p>ACATE Care oferece condi\u00e7\u00f5es especiais na contrata\u00e7\u00e3o de produtos e<span class=\"excerpt-hellip\"> [\u2026]<\/span><\/p>\n","protected":false},"author":8,"featured_media":40478,"comment_status":"closed","ping_status":"closed","sticky":false,"template":"","format":"standard","meta":{"footnotes":"","_links_to":"","_links_to_target":""},"categories":[415,395,3],"tags":[],"calendar":[],"_links":{"self":[{"href":"https:\/\/anprotec.org.br\/site\/wp-json\/wp\/v2\/posts\/40477"}],"collection":[{"href":"https:\/\/anprotec.org.br\/site\/wp-json\/wp\/v2\/posts"}],"about":[{"href":"https:\/\/anprotec.org.br\/site\/wp-json\/wp\/v2\/types\/post"}],"author":[{"embeddable":true,"href":"https:\/\/anprotec.org.br\/site\/wp-json\/wp\/v2\/users\/8"}],"replies":[{"embeddable":true,"href":"https:\/\/anprotec.org.br\/site\/wp-json\/wp\/v2\/comments?post=40477"}],"version-history":[{"count":2,"href":"https:\/\/anprotec.org.br\/site\/wp-json\/wp\/v2\/posts\/40477\/revisions"}],"predecessor-version":[{"id":40480,"href":"https:\/\/anprotec.org.br\/site\/wp-json\/wp\/v2\/posts\/40477\/revisions\/40480"}],"wp:featuredmedia":[{"embeddable":true,"href":"https:\/\/anprotec.org.br\/site\/wp-json\/wp\/v2\/media\/40478"}],"wp:attachment":[{"href":"https:\/\/anprotec.org.br\/site\/wp-json\/wp\/v2\/media?parent=40477"}],"wp:term":[{"taxonomy":"category","embeddable":true,"href":"https:\/\/anprotec.org.br\/site\/wp-json\/wp\/v2\/categories?post=40477"},{"taxonomy":"post_tag","embeddable":true,"href":"https:\/\/anprotec.org.br\/site\/wp-json\/wp\/v2\/tags?post=40477"},{"taxonomy":"calendar","embeddable":true,"href":"https:\/\/anprotec.org.br\/site\/wp-json\/wp\/v2\/calendar?post=40477"}],"curies":[{"name":"wp","href":"https:\/\/api.w.org\/{rel}","templated":true}]}}