{"id":40436,"date":"2022-02-08T16:04:52","date_gmt":"2022-02-08T19:04:52","guid":{"rendered":"https:\/\/anprotec.org.br\/site\/?p=40436"},"modified":"2025-02-25T15:01:39","modified_gmt":"2025-02-25T18:01:39","slug":"abdi-divulga-data-do-lancamento-do-2-edital-agro-4-0","status":"publish","type":"post","link":"https:\/\/anprotec.org.br\/site\/2022\/02\/abdi-divulga-data-do-lancamento-do-2-edital-agro-4-0\/","title":{"rendered":"ABDI divulga data do lan\u00e7amento do 2\u00b0 Edital Agro 4.0"},"content":{"rendered":"<p><img decoding=\"async\" loading=\"lazy\" class=\"size-full wp-image-40437 aligncenter\" src=\"https:\/\/anprotec.org.br\/site\/wp-content\/uploads\/2022\/02\/cfc06d0c-4c6e-435c-a777-9876b3df8f2f.jpeg\" alt=\"\" width=\"1080\" height=\"1080\" srcset=\"https:\/\/anprotec.org.br\/site\/wp-content\/uploads\/2022\/02\/cfc06d0c-4c6e-435c-a777-9876b3df8f2f.jpeg 1080w, https:\/\/anprotec.org.br\/site\/wp-content\/uploads\/2022\/02\/cfc06d0c-4c6e-435c-a777-9876b3df8f2f-300x300.jpeg 300w, https:\/\/anprotec.org.br\/site\/wp-content\/uploads\/2022\/02\/cfc06d0c-4c6e-435c-a777-9876b3df8f2f-1024x1024.jpeg 1024w, https:\/\/anprotec.org.br\/site\/wp-content\/uploads\/2022\/02\/cfc06d0c-4c6e-435c-a777-9876b3df8f2f-768x768.jpeg 768w, https:\/\/anprotec.org.br\/site\/wp-content\/uploads\/2022\/02\/cfc06d0c-4c6e-435c-a777-9876b3df8f2f-146x146.jpeg 146w, https:\/\/anprotec.org.br\/site\/wp-content\/uploads\/2022\/02\/cfc06d0c-4c6e-435c-a777-9876b3df8f2f-50x50.jpeg 50w, https:\/\/anprotec.org.br\/site\/wp-content\/uploads\/2022\/02\/cfc06d0c-4c6e-435c-a777-9876b3df8f2f-75x75.jpeg 75w, https:\/\/anprotec.org.br\/site\/wp-content\/uploads\/2022\/02\/cfc06d0c-4c6e-435c-a777-9876b3df8f2f-85x85.jpeg 85w, https:\/\/anprotec.org.br\/site\/wp-content\/uploads\/2022\/02\/cfc06d0c-4c6e-435c-a777-9876b3df8f2f-80x80.jpeg 80w\" sizes=\"(max-width: 1080px) 100vw, 1080px\" \/><\/p>\n<p>&#x1f331;&#x26a1; Para dar continuidade ao trabalho de fomento ado\u00e7\u00e3o e difus\u00e3o de tecnologias no agroneg\u00f3cio, a ABDI, em parceria com o Minist\u00e9rio da Agricultura, Pecu\u00e1ria e Abastecimento (Mapa), lan\u00e7ar\u00e1, na pr\u00f3xima quinta-feira (10), o segundo Edital Agro 4.0.<\/p>\n<p>Os participantes devem formar grupos de trabalho, compostos por:<\/p>\n<p>&#x2705; proponente\/ambiente de inova\u00e7\u00e3o (parques tecnol\u00f3gicos, p\u00f3los, incubadoras, aceleradoras, hubs de inova\u00e7\u00e3o, cooperativas agropecu\u00e1rias e agroindustriais etc.);<br \/>\n&#x2705; empresas usu\u00e1rias do setor produtivo (produtor rural, agroind\u00fastria ou cooperativa agropecu\u00e1ria\/agroindustrial) e<br \/>\n&#x2705; provedores de solu\u00e7\u00f5es tecnol\u00f3gicas (fornecedores e startups).<\/p>\n<p>Lan\u00e7amento em 10\/2. https:\/\/www.linkedin.com\/posts\/isabela-gaya-a07b471a0_o-2%C2%BA-edital-do-agro-40-vem-a%C3%AD-os-participantes-activity-6896870902106066944-9El7<\/p>\n","protected":false},"excerpt":{"rendered":"<p>&#x1f331;&#x26a1; Para dar continuidade ao trabalho de fomento ado\u00e7\u00e3o e<span class=\"excerpt-hellip\"> [\u2026]<\/span><\/p>\n","protected":false},"author":8,"featured_media":40438,"comment_status":"closed","ping_status":"closed","sticky":false,"template":"","format":"standard","meta":{"footnotes":"","_links_to":"","_links_to_target":""},"categories":[3,414],"tags":[],"calendar":[],"_links":{"self":[{"href":"https:\/\/anprotec.org.br\/site\/wp-json\/wp\/v2\/posts\/40436"}],"collection":[{"href":"https:\/\/anprotec.org.br\/site\/wp-json\/wp\/v2\/posts"}],"about":[{"href":"https:\/\/anprotec.org.br\/site\/wp-json\/wp\/v2\/types\/post"}],"author":[{"embeddable":true,"href":"https:\/\/anprotec.org.br\/site\/wp-json\/wp\/v2\/users\/8"}],"replies":[{"embeddable":true,"href":"https:\/\/anprotec.org.br\/site\/wp-json\/wp\/v2\/comments?post=40436"}],"version-history":[{"count":2,"href":"https:\/\/anprotec.org.br\/site\/wp-json\/wp\/v2\/posts\/40436\/revisions"}],"predecessor-version":[{"id":40440,"href":"https:\/\/anprotec.org.br\/site\/wp-json\/wp\/v2\/posts\/40436\/revisions\/40440"}],"wp:featuredmedia":[{"embeddable":true,"href":"https:\/\/anprotec.org.br\/site\/wp-json\/wp\/v2\/media\/40438"}],"wp:attachment":[{"href":"https:\/\/anprotec.org.br\/site\/wp-json\/wp\/v2\/media?parent=40436"}],"wp:term":[{"taxonomy":"category","embeddable":true,"href":"https:\/\/anprotec.org.br\/site\/wp-json\/wp\/v2\/categories?post=40436"},{"taxonomy":"post_tag","embeddable":true,"href":"https:\/\/anprotec.org.br\/site\/wp-json\/wp\/v2\/tags?post=40436"},{"taxonomy":"calendar","embeddable":true,"href":"https:\/\/anprotec.org.br\/site\/wp-json\/wp\/v2\/calendar?post=40436"}],"curies":[{"name":"wp","href":"https:\/\/api.w.org\/{rel}","templated":true}]}}