{"id":39741,"date":"2022-01-27T09:47:11","date_gmt":"2022-01-27T12:47:11","guid":{"rendered":"https:\/\/anprotec.org.br\/site\/?p=39741"},"modified":"2025-02-25T16:05:01","modified_gmt":"2025-02-25T19:05:01","slug":"nova-edicao-do-land2land-connect-promove-internacionalizacao-virtual-de-startups-na-colombia","status":"publish","type":"post","link":"https:\/\/anprotec.org.br\/site\/2022\/01\/nova-edicao-do-land2land-connect-promove-internacionalizacao-virtual-de-startups-na-colombia\/","title":{"rendered":"Nova edi\u00e7\u00e3o do land2land Connect promove internacionaliza\u00e7\u00e3o virtual de startups na Col\u00f4mbia"},"content":{"rendered":"<p><img decoding=\"async\" loading=\"lazy\" class=\"alignnone size-full wp-image-40489\" src=\"https:\/\/anprotec.org.br\/site\/wp-content\/uploads\/2022\/01\/Banner-YT-1-1.png\" alt=\"\" width=\"1920\" height=\"1080\" srcset=\"https:\/\/anprotec.org.br\/site\/wp-content\/uploads\/2022\/01\/Banner-YT-1-1.png 1920w, https:\/\/anprotec.org.br\/site\/wp-content\/uploads\/2022\/01\/Banner-YT-1-1-300x169.png 300w, https:\/\/anprotec.org.br\/site\/wp-content\/uploads\/2022\/01\/Banner-YT-1-1-1024x576.png 1024w, https:\/\/anprotec.org.br\/site\/wp-content\/uploads\/2022\/01\/Banner-YT-1-1-768x432.png 768w, https:\/\/anprotec.org.br\/site\/wp-content\/uploads\/2022\/01\/Banner-YT-1-1-1536x864.png 1536w, https:\/\/anprotec.org.br\/site\/wp-content\/uploads\/2022\/01\/Banner-YT-1-1-260x146.png 260w, https:\/\/anprotec.org.br\/site\/wp-content\/uploads\/2022\/01\/Banner-YT-1-1-50x28.png 50w, https:\/\/anprotec.org.br\/site\/wp-content\/uploads\/2022\/01\/Banner-YT-1-1-133x75.png 133w, https:\/\/anprotec.org.br\/site\/wp-content\/uploads\/2022\/01\/Banner-YT-1-1-1200x675.png 1200w\" sizes=\"(max-width: 1920px) 100vw, 1920px\" \/><\/p>\n<p><span style=\"font-weight: 400\">No dia 18\/2, das 10h \u00e0s 12h30 (hor\u00e1rio de Bras\u00edlia), acontece mais uma edi\u00e7\u00e3o do land2land Connect. Para esta edi\u00e7\u00e3o os participantes ter\u00e3o a oportunidade de conhecer e se conectar com institui\u00e7\u00f5es do ecossistema de inova\u00e7\u00e3o da Col\u00f4mbia.<\/span><\/p>\n<p><span style=\"font-weight: 400\">A iniciativa busca promover o processo de internacionaliza\u00e7\u00e3o de empresas inovadoras atrav\u00e9s da introdu\u00e7\u00e3o \u00e0s solu\u00e7\u00f5es e conex\u00f5es virtuais com programas estrangeiros. Al\u00e9m de acelerar o processo de internacionaliza\u00e7\u00e3o de startups por meio da conex\u00e3o com prestadores de servi\u00e7o locais, do est\u00edmulo de agendas bilaterais e do acesso aos stakeholders desses programas.<\/span><\/p>\n<p><span style=\"font-weight: 400\">O land2land Connect \u00e9 uma iniciativa que consiste em um evento virtual realizado pela Anprotec em parceria com o SEBRAE e com o Programa de Diplomacia da Inova\u00e7\u00e3o, do Minist\u00e9rio das Rela\u00e7\u00f5es Exteriores, que tem como objetivo iniciar ou acelerar o processo de internacionaliza\u00e7\u00e3o startups brasileiras, atrav\u00e9s de ambientes e mecanismos de inova\u00e7\u00e3o estrangeiros qualificados. Esta edi\u00e7\u00e3o do encontro \u00e9 coorganizada pela Innpulsa, da Colombia.<\/span><\/p>\n<p><span style=\"font-weight: 400\">O evento \u00e9 gratuito e ser\u00e1 transmitido no canal de YouTube da Anprotec, para acompanhar inscreva-se no link em <\/span><a href=\"https:\/\/informativo.anprotec.org.br\/land2land-connect-colombia\"><span style=\"font-weight: 400\">https:\/\/informativo.anprotec.org.br\/land2land-connect-colombia<\/span><\/a><\/p>\n","protected":false},"excerpt":{"rendered":"<p>No dia 18\/2, das 10h \u00e0s 12h30 (hor\u00e1rio de Bras\u00edlia),<span class=\"excerpt-hellip\"> [\u2026]<\/span><\/p>\n","protected":false},"author":8,"featured_media":39744,"comment_status":"closed","ping_status":"closed","sticky":false,"template":"","format":"standard","meta":{"footnotes":"","_links_to":"","_links_to_target":""},"categories":[395,3,383,414],"tags":[],"calendar":[],"_links":{"self":[{"href":"https:\/\/anprotec.org.br\/site\/wp-json\/wp\/v2\/posts\/39741"}],"collection":[{"href":"https:\/\/anprotec.org.br\/site\/wp-json\/wp\/v2\/posts"}],"about":[{"href":"https:\/\/anprotec.org.br\/site\/wp-json\/wp\/v2\/types\/post"}],"author":[{"embeddable":true,"href":"https:\/\/anprotec.org.br\/site\/wp-json\/wp\/v2\/users\/8"}],"replies":[{"embeddable":true,"href":"https:\/\/anprotec.org.br\/site\/wp-json\/wp\/v2\/comments?post=39741"}],"version-history":[{"count":2,"href":"https:\/\/anprotec.org.br\/site\/wp-json\/wp\/v2\/posts\/39741\/revisions"}],"predecessor-version":[{"id":40490,"href":"https:\/\/anprotec.org.br\/site\/wp-json\/wp\/v2\/posts\/39741\/revisions\/40490"}],"wp:featuredmedia":[{"embeddable":true,"href":"https:\/\/anprotec.org.br\/site\/wp-json\/wp\/v2\/media\/39744"}],"wp:attachment":[{"href":"https:\/\/anprotec.org.br\/site\/wp-json\/wp\/v2\/media?parent=39741"}],"wp:term":[{"taxonomy":"category","embeddable":true,"href":"https:\/\/anprotec.org.br\/site\/wp-json\/wp\/v2\/categories?post=39741"},{"taxonomy":"post_tag","embeddable":true,"href":"https:\/\/anprotec.org.br\/site\/wp-json\/wp\/v2\/tags?post=39741"},{"taxonomy":"calendar","embeddable":true,"href":"https:\/\/anprotec.org.br\/site\/wp-json\/wp\/v2\/calendar?post=39741"}],"curies":[{"name":"wp","href":"https:\/\/api.w.org\/{rel}","templated":true}]}}