{"id":39554,"date":"2022-01-12T14:26:55","date_gmt":"2022-01-12T17:26:55","guid":{"rendered":"https:\/\/anprotec.org.br\/site\/?p=39554"},"modified":"2025-02-25T16:38:42","modified_gmt":"2025-02-25T19:38:42","slug":"cnpq-lanca-19a-edicao-do-premio-destaque-na-iniciacao-cientifica-e-tecnologica","status":"publish","type":"post","link":"https:\/\/anprotec.org.br\/site\/2022\/01\/cnpq-lanca-19a-edicao-do-premio-destaque-na-iniciacao-cientifica-e-tecnologica\/","title":{"rendered":"CNPq lan\u00e7a 19\u00aa edi\u00e7\u00e3o do Pr\u00eamio Destaque na Inicia\u00e7\u00e3o Cient\u00edfica e Tecnol\u00f3gica"},"content":{"rendered":"<p><em>O Conselho Nacional de Desenvolvimento Cient\u00edfico e Tecnol\u00f3gico (CNPq) abriu as inscri\u00e7\u00f5es para a 19\u00aa edi\u00e7\u00e3o do Pr\u00eamio Destaque na Inicia\u00e7\u00e3o Cient\u00edfica e Tecnol\u00f3gica<\/em><\/p>\n<p>O Conselho Nacional de Desenvolvimento Cient\u00edfico e Tecnol\u00f3gico (CNPq) abriu as inscri\u00e7\u00f5es para a 19\u00aa edi\u00e7\u00e3o do <a href=\"http:\/\/www.destaqueict.cnpq.br\/web\/pdict\/\">Pr\u00eamio Destaque na Inicia\u00e7\u00e3o Cient\u00edfica e Tecnol\u00f3gica<\/a>. O objetivo \u00e9 estimular bolsistas de Inicia\u00e7\u00e3o Cient\u00edfica (IC) e de Inicia\u00e7\u00e3o Tecnol\u00f3gica (IT) cujos relat\u00f3rios finais se destacam pela relev\u00e2ncia e qualidade, e as institui\u00e7\u00f5es que contribu\u00edram para alcan\u00e7ar os objetivos do programa.<\/p>\n<p>Para submeter as propostas, as coordena\u00e7\u00f5es dos <a href=\"https:\/\/www.gov.br\/acesso-a-informacao\/acoes-e-programas\/programas\/programas-ict\">Programas Institucionais de Inicia\u00e7\u00e3o Cient\u00edfica e Tecnol\u00f3gica &#8211; PIBIC e do PIBIT<\/a>I das universidades e das institui\u00e7\u00f5es de pesquisa, devem encaminhar ao CNPq, por e-mail, at\u00e9 o dia 18 de mar\u00e7o de 2022, os melhores relat\u00f3rios, classificados ou premiados pelo comit\u00ea interno ou externo nas jornadas, sal\u00f5es ou semin\u00e1rios, realizados no 2\u00ba semestre de 2021.<\/p>\n<p>Para cada uma das categorias &#8211; Bolsista de Inicia\u00e7\u00e3o Cient\u00edfica e Bolsista de Inicia\u00e7\u00e3o Tecnol\u00f3gica &#8211; ser\u00e3o premiados at\u00e9 tr\u00eas bolsistas, sendo um para cada grande \u00e1rea do conhecimento &#8211; Ci\u00eancias da Vida; Ci\u00eancias Exatas, da Terra e Engenharias; e Ci\u00eancias Humanas e Sociais, Letras e Artes.<\/p>\n<p>As inscri\u00e7\u00f5es das institui\u00e7\u00f5es do PIBIC para concorrer na categoria M\u00e9rito Institucional ser\u00e3o autom\u00e1ticas, desde que apresentem bolsistas do PIBIC, PIBIC AF ou oriundos de quota do pesquisador, inscritos na categoria Bolsista de Inicia\u00e7\u00e3o Cient\u00edfica.<\/p>\n<p>Os bolsistas vencedores receber\u00e3o R$ 7 mil em dinheiro (valor bruto), bolsas de mestrado ou de doutorado e diploma. A institui\u00e7\u00e3o agraciada na categoria M\u00e9rito institucional receber\u00e1 cotas adicionais de bolsas PIBIC\/PIBITI e um trof\u00e9u.<\/p>\n<p>Todos os premiados e o representante da institui\u00e7\u00e3o agraciada com o M\u00e9rito Institucional recebem passagens a\u00e9reas e di\u00e1rias para participar da pr\u00f3xima Reuni\u00e3o Anual da Sociedade Brasileira para o Progresso da Ci\u00eancia (SBPC), a ser realizada em julho de 2022, na Universidade de Bras\u00edlia (UnB), em data a ser definida.<\/p>\n<p>O resultado ser\u00e1 divulgado pelo CNPq at\u00e9 30 de junho de 2022.<\/p>\n<p>Para mais informa\u00e7\u00f5es, acesse a <a href=\"http:\/\/www.destaqueict.cnpq.br\/web\/pdict\/\">p\u00e1gina do Pr\u00eamio<\/a>.<\/p>\n<p>Fonte: Gov.br<\/p>\n","protected":false},"excerpt":{"rendered":"<p>O Conselho Nacional de Desenvolvimento Cient\u00edfico e Tecnol\u00f3gico (CNPq) abriu<span class=\"excerpt-hellip\"> [\u2026]<\/span><\/p>\n","protected":false},"author":8,"featured_media":39555,"comment_status":"closed","ping_status":"closed","sticky":false,"template":"","format":"standard","meta":{"footnotes":"","_links_to":"","_links_to_target":""},"categories":[3,414],"tags":[],"calendar":[],"_links":{"self":[{"href":"https:\/\/anprotec.org.br\/site\/wp-json\/wp\/v2\/posts\/39554"}],"collection":[{"href":"https:\/\/anprotec.org.br\/site\/wp-json\/wp\/v2\/posts"}],"about":[{"href":"https:\/\/anprotec.org.br\/site\/wp-json\/wp\/v2\/types\/post"}],"author":[{"embeddable":true,"href":"https:\/\/anprotec.org.br\/site\/wp-json\/wp\/v2\/users\/8"}],"replies":[{"embeddable":true,"href":"https:\/\/anprotec.org.br\/site\/wp-json\/wp\/v2\/comments?post=39554"}],"version-history":[{"count":2,"href":"https:\/\/anprotec.org.br\/site\/wp-json\/wp\/v2\/posts\/39554\/revisions"}],"predecessor-version":[{"id":39560,"href":"https:\/\/anprotec.org.br\/site\/wp-json\/wp\/v2\/posts\/39554\/revisions\/39560"}],"wp:featuredmedia":[{"embeddable":true,"href":"https:\/\/anprotec.org.br\/site\/wp-json\/wp\/v2\/media\/39555"}],"wp:attachment":[{"href":"https:\/\/anprotec.org.br\/site\/wp-json\/wp\/v2\/media?parent=39554"}],"wp:term":[{"taxonomy":"category","embeddable":true,"href":"https:\/\/anprotec.org.br\/site\/wp-json\/wp\/v2\/categories?post=39554"},{"taxonomy":"post_tag","embeddable":true,"href":"https:\/\/anprotec.org.br\/site\/wp-json\/wp\/v2\/tags?post=39554"},{"taxonomy":"calendar","embeddable":true,"href":"https:\/\/anprotec.org.br\/site\/wp-json\/wp\/v2\/calendar?post=39554"}],"curies":[{"name":"wp","href":"https:\/\/api.w.org\/{rel}","templated":true}]}}