{"id":3955,"date":"2013-09-02T13:20:04","date_gmt":"2013-09-02T16:20:04","guid":{"rendered":"http:\/\/anprotec.org.br\/site\/?p=3955"},"modified":"2013-09-02T13:24:56","modified_gmt":"2013-09-02T16:24:56","slug":"acelera-startup-oferece-aportes-de-ate-r-15-milhao","status":"publish","type":"post","link":"https:\/\/anprotec.org.br\/site\/2013\/09\/acelera-startup-oferece-aportes-de-ate-r-15-milhao\/","title":{"rendered":"<!--:pt-->Concurso oferece aportes de at\u00e9 R$ 1,5 milh\u00e3o<!--:-->"},"content":{"rendered":"<p><!--:pt--><\/p>\n<p dir=\"ltr\" style=\"text-align: justify;\"><img decoding=\"async\" loading=\"lazy\" class=\"alignleft size-medium wp-image-3956\" alt=\"acelera-startups\" src=\"https:\/\/anprotec.org.br\/site\/wp-content\/uploads\/2013\/09\/acelera-startups-300x217.jpg\" width=\"300\" height=\"217\" srcset=\"https:\/\/anprotec.org.br\/site\/wp-content\/uploads\/2013\/09\/acelera-startups-300x217.jpg 300w, https:\/\/anprotec.org.br\/site\/wp-content\/uploads\/2013\/09\/acelera-startups.jpg 475w\" sizes=\"(max-width: 300px) 100vw, 300px\" \/>Est\u00e3o abertas at\u00e9 esta sexta-feira (6) as inscri\u00e7\u00f5es para o <strong>Concurso Acelera Startup<\/strong>, que selecionar\u00e1 projetos inovadores para mentoria e apoio financeiro. Primeiramente, ser\u00e3o escolhidas 300 propostas para participar de um programa de capacita\u00e7\u00e3o.<\/p>\n<p dir=\"ltr\" style=\"text-align: justify;\">Depois dessa etapa, os 10 melhores projetos ser\u00e3o apresentados a uma banca de investidores. Poder\u00e3o ser captados at\u00e9 R$ 1,5 milh\u00e3o por empreendimento.<\/p>\n<p dir=\"ltr\" style=\"text-align: justify;\"><a href=\"http:\/\/www.festemp.com.br\/acelera-startup.aspx\">Realize a sua inscri\u00e7\u00e3o<\/a><\/p>\n<p dir=\"ltr\" style=\"text-align: justify;\">Uma banca formada por avaliadores de entidades como Anjos do Brasil, LIDE Futuro e Endeavor ser\u00e1 respons\u00e1vel por realizar a sele\u00e7\u00e3o das 300 propostas. Os escolhidos passar\u00e3o por workshops, al\u00e9m de consultas com especialistas, investidores e presidentes de grandes empresas.<\/p>\n<p dir=\"ltr\" style=\"text-align: justify;\">A fase final da competi\u00e7\u00e3o acontecer\u00e1 durante o 9\u00ba Festival de Empreendedorismo, a ser realizado em S\u00e3o Paulo nos dias 25 e 26 de setembro.<\/p>\n<p><!--:--><\/p>\n","protected":false},"excerpt":{"rendered":"<p><!--:pt-->Acelera Startup selecionar\u00e1 300 projetos inovadores para um programa de capacita\u00e7\u00e3o. Os 10 melhores ser\u00e3o apresentados a investidores. Inscri\u00e7\u00f5es abertas at\u00e9 esta sexta-feira (6).<!--:--><\/p>\n","protected":false},"author":8,"featured_media":970,"comment_status":"open","ping_status":"open","sticky":false,"template":"","format":"standard","meta":{"footnotes":"","_links_to":"","_links_to_target":""},"categories":[3],"tags":[],"calendar":[],"_links":{"self":[{"href":"https:\/\/anprotec.org.br\/site\/wp-json\/wp\/v2\/posts\/3955"}],"collection":[{"href":"https:\/\/anprotec.org.br\/site\/wp-json\/wp\/v2\/posts"}],"about":[{"href":"https:\/\/anprotec.org.br\/site\/wp-json\/wp\/v2\/types\/post"}],"author":[{"embeddable":true,"href":"https:\/\/anprotec.org.br\/site\/wp-json\/wp\/v2\/users\/8"}],"replies":[{"embeddable":true,"href":"https:\/\/anprotec.org.br\/site\/wp-json\/wp\/v2\/comments?post=3955"}],"version-history":[{"count":7,"href":"https:\/\/anprotec.org.br\/site\/wp-json\/wp\/v2\/posts\/3955\/revisions"}],"predecessor-version":[{"id":3963,"href":"https:\/\/anprotec.org.br\/site\/wp-json\/wp\/v2\/posts\/3955\/revisions\/3963"}],"wp:featuredmedia":[{"embeddable":true,"href":"https:\/\/anprotec.org.br\/site\/wp-json\/wp\/v2\/media\/970"}],"wp:attachment":[{"href":"https:\/\/anprotec.org.br\/site\/wp-json\/wp\/v2\/media?parent=3955"}],"wp:term":[{"taxonomy":"category","embeddable":true,"href":"https:\/\/anprotec.org.br\/site\/wp-json\/wp\/v2\/categories?post=3955"},{"taxonomy":"post_tag","embeddable":true,"href":"https:\/\/anprotec.org.br\/site\/wp-json\/wp\/v2\/tags?post=3955"},{"taxonomy":"calendar","embeddable":true,"href":"https:\/\/anprotec.org.br\/site\/wp-json\/wp\/v2\/calendar?post=3955"}],"curies":[{"name":"wp","href":"https:\/\/api.w.org\/{rel}","templated":true}]}}