{"id":3942,"date":"2013-09-02T12:37:45","date_gmt":"2013-09-02T15:37:45","guid":{"rendered":"http:\/\/anprotec.org.br\/site\/?p=3942"},"modified":"2013-09-02T12:37:45","modified_gmt":"2013-09-02T15:37:45","slug":"parque-guama-seleciona-instituicoes-tecnologicas","status":"publish","type":"post","link":"https:\/\/anprotec.org.br\/site\/2013\/09\/parque-guama-seleciona-instituicoes-tecnologicas\/","title":{"rendered":"<!--:pt-->Parque Guam\u00e1 seleciona institui\u00e7\u00f5es tecnol\u00f3gicas<!--:-->"},"content":{"rendered":"<p><!--:pt--><\/p>\n<p dir=\"ltr\" style=\"text-align: justify;\"><img decoding=\"async\" loading=\"lazy\" class=\"alignleft size-medium wp-image-3944\" alt=\"parque-guama\" src=\"https:\/\/anprotec.org.br\/site\/wp-content\/uploads\/2013\/09\/parque-guama-300x176.jpg\" width=\"300\" height=\"176\" srcset=\"https:\/\/anprotec.org.br\/site\/wp-content\/uploads\/2013\/09\/parque-guama-300x176.jpg 300w, https:\/\/anprotec.org.br\/site\/wp-content\/uploads\/2013\/09\/parque-guama.jpg 421w\" sizes=\"(max-width: 300px) 100vw, 300px\" \/>O Parque de Ci\u00eancia e Tecnologia Guam\u00e1, localizado em Bel\u00e9m (PA), seleciona institui\u00e7\u00f5es de base tecnol\u00f3gica para se instalarem no espa\u00e7o. Ser\u00e3o\u00a0disponibilizados cinco lotes de at\u00e9 3.322,01 m\u00b2 para empreendimentos que\u00a0estejam alinhados \u00e0s \u00e1reas priorit\u00e1rias de atua\u00e7\u00e3o do parque: biotecnologia, energia, tecnologia da informa\u00e7\u00e3o e comunica\u00e7\u00e3o, tecnologia ambiental e tecnologia mineral.\u00a0O prazo para as inscri\u00e7\u00f5es das propostas vai at\u00e9\u00a0o pr\u00f3ximo dia 4 de outubro.<\/p>\n<p style=\"text-align: justify;\">Em opera\u00e7\u00e3o h\u00e1 tr\u00eas anos, o Parque Guam\u00e1 j\u00e1 re\u00fane 18 empreendimentos em ciclos distintos de desenvolvimento &#8211; projeto, constru\u00e7\u00e3o, implanta\u00e7\u00e3o e opera\u00e7\u00e3o. Entre\u00a0os residentes, est\u00e3o o Instituto Nacional de Pesquisas Espaciais (INPE), o Centro de Excel\u00eancia em Efici\u00eancia Energ\u00e9tica (Ceamazon), o Instituto Tecnol\u00f3gico Vale (ITV), dois laborat\u00f3rios da Embrapa Amaz\u00f4nia Oriental e o Instituto Senai de Inova\u00e7\u00e3o.<\/p>\n<p style=\"text-align: justify;\">A vers\u00e3o eletr\u00f4nica do edital est\u00e1 dispon\u00edvel no <a href=\"http:\/\/www.comprasnet.gov.br\/\" target=\"_blank\">site do governo<\/a>. \u00c9 necess\u00e1rio pesquisar por &#8220;Concorr\u00eancia 10\/2013&#8221; e conferir os resultados publicados no \u00faltimo dia 20 de agosto. Mais informa\u00e7\u00f5es podem ser obtidas por meio do telefone (91) 3321-8900.<\/p>\n<p><!--:--><\/p>\n","protected":false},"excerpt":{"rendered":"<p><!--:pt-->Ser\u00e3o oferecidos cinco lotes de at\u00e9 3 mil metros quadrados. As institui\u00e7\u00f5es devem estar alinhadas a \u00e1reas como biotecnologia, energia, TICs e tecnologias ambiental e mineral.<!--:--><\/p>\n","protected":false},"author":8,"featured_media":3944,"comment_status":"open","ping_status":"open","sticky":false,"template":"","format":"standard","meta":{"footnotes":"","_links_to":"","_links_to_target":""},"categories":[3],"tags":[],"calendar":[],"_links":{"self":[{"href":"https:\/\/anprotec.org.br\/site\/wp-json\/wp\/v2\/posts\/3942"}],"collection":[{"href":"https:\/\/anprotec.org.br\/site\/wp-json\/wp\/v2\/posts"}],"about":[{"href":"https:\/\/anprotec.org.br\/site\/wp-json\/wp\/v2\/types\/post"}],"author":[{"embeddable":true,"href":"https:\/\/anprotec.org.br\/site\/wp-json\/wp\/v2\/users\/8"}],"replies":[{"embeddable":true,"href":"https:\/\/anprotec.org.br\/site\/wp-json\/wp\/v2\/comments?post=3942"}],"version-history":[{"count":5,"href":"https:\/\/anprotec.org.br\/site\/wp-json\/wp\/v2\/posts\/3942\/revisions"}],"predecessor-version":[{"id":3950,"href":"https:\/\/anprotec.org.br\/site\/wp-json\/wp\/v2\/posts\/3942\/revisions\/3950"}],"wp:featuredmedia":[{"embeddable":true,"href":"https:\/\/anprotec.org.br\/site\/wp-json\/wp\/v2\/media\/3944"}],"wp:attachment":[{"href":"https:\/\/anprotec.org.br\/site\/wp-json\/wp\/v2\/media?parent=3942"}],"wp:term":[{"taxonomy":"category","embeddable":true,"href":"https:\/\/anprotec.org.br\/site\/wp-json\/wp\/v2\/categories?post=3942"},{"taxonomy":"post_tag","embeddable":true,"href":"https:\/\/anprotec.org.br\/site\/wp-json\/wp\/v2\/tags?post=3942"},{"taxonomy":"calendar","embeddable":true,"href":"https:\/\/anprotec.org.br\/site\/wp-json\/wp\/v2\/calendar?post=3942"}],"curies":[{"name":"wp","href":"https:\/\/api.w.org\/{rel}","templated":true}]}}