{"id":39417,"date":"2021-12-21T14:23:59","date_gmt":"2021-12-21T17:23:59","guid":{"rendered":"https:\/\/anprotec.org.br\/site\/?p=39417"},"modified":"2021-12-22T17:07:39","modified_gmt":"2021-12-22T20:07:39","slug":"3a-chamada-da-anprotec-abre-vagas-para-selecao-de-menores-de-empreendimentos-inovadores","status":"publish","type":"post","link":"https:\/\/anprotec.org.br\/site\/2021\/12\/3a-chamada-da-anprotec-abre-vagas-para-selecao-de-menores-de-empreendimentos-inovadores\/","title":{"rendered":"3\u00aa Chamada da Anprotec abre vagas para sele\u00e7\u00e3o de mentores de empreendimentos inovadores"},"content":{"rendered":"<p><img decoding=\"async\" loading=\"lazy\" class=\"size-full wp-image-39418 aligncenter\" src=\"https:\/\/anprotec.org.br\/site\/wp-content\/uploads\/2021\/12\/Card_3-Chamada-para-Mentores-Mod-1.png\" alt=\"\" width=\"1080\" height=\"1080\" srcset=\"https:\/\/anprotec.org.br\/site\/wp-content\/uploads\/2021\/12\/Card_3-Chamada-para-Mentores-Mod-1.png 1080w, https:\/\/anprotec.org.br\/site\/wp-content\/uploads\/2021\/12\/Card_3-Chamada-para-Mentores-Mod-1-300x300.png 300w, https:\/\/anprotec.org.br\/site\/wp-content\/uploads\/2021\/12\/Card_3-Chamada-para-Mentores-Mod-1-1024x1024.png 1024w, https:\/\/anprotec.org.br\/site\/wp-content\/uploads\/2021\/12\/Card_3-Chamada-para-Mentores-Mod-1-768x768.png 768w, https:\/\/anprotec.org.br\/site\/wp-content\/uploads\/2021\/12\/Card_3-Chamada-para-Mentores-Mod-1-146x146.png 146w, https:\/\/anprotec.org.br\/site\/wp-content\/uploads\/2021\/12\/Card_3-Chamada-para-Mentores-Mod-1-50x50.png 50w, https:\/\/anprotec.org.br\/site\/wp-content\/uploads\/2021\/12\/Card_3-Chamada-para-Mentores-Mod-1-75x75.png 75w, https:\/\/anprotec.org.br\/site\/wp-content\/uploads\/2021\/12\/Card_3-Chamada-para-Mentores-Mod-1-85x85.png 85w, https:\/\/anprotec.org.br\/site\/wp-content\/uploads\/2021\/12\/Card_3-Chamada-para-Mentores-Mod-1-80x80.png 80w\" sizes=\"(max-width: 1080px) 100vw, 1080px\" \/><\/p>\n<p>Est\u00e1 aberta a 3\u00aa Chamada para selecionar Mentores de Empreendimentos Inovadores com a finalidade de identificar e selecionar mentores t\u00e9cnicos para apoiar futuramente o desenvolvimento de Empreendimentos Inovadores (EI) em Programas coordenados pela Anprotec.<\/p>\n<p>Assim, essa Chamada destina-se a mentores especialistas em tecnologias inovadoras que tenham interesse em apoiar o desenvolvimento de empreendimentos inovadores (EI) por meio de projetos e programas de incuba\u00e7\u00e3o, acelera\u00e7\u00e3o e\/ou internacionaliza\u00e7\u00e3o, mediante as regras e condi\u00e7\u00f5es descritas no edital.<\/p>\n<p>A apresenta\u00e7\u00e3o de candidaturas por parte dos mentores deve ser realizada mediante o preenchimento do <a href=\"https:\/\/docs.google.com\/forms\/d\/e\/1FAIpQLSc4-P-SGa5rIs-LMqF8t1I4rH1FDOkypQywMMPU44erHvEy_A\/viewform\">Formul\u00e1rio de Inscri\u00e7\u00e3o neste link.<\/a><\/p>\n<p><a href=\"https:\/\/anprotec.org.br\/site\/wp-content\/uploads\/2021\/12\/Mentores.pdf\">Confira o edital completo aqui.<\/a><\/p>\n<p>Informa\u00e7\u00f5es e d\u00favidas sobre a 3\u00aa Chamada para Sele\u00e7\u00e3o de Mentores de Empreendimentos Inovadores ser\u00e3o respondidas em at\u00e9 72 horas por meio dos e-mails: gustavo@anprotec.org.br ou <a href=\"mailto:m.carolina@anprotec.org.br\">m.carolina@anprotec.org.br<\/a>.<\/p>\n","protected":false},"excerpt":{"rendered":"<p>Est\u00e1 aberta a 3\u00aa Chamada para selecionar Mentores de Empreendimentos<span class=\"excerpt-hellip\"> [\u2026]<\/span><\/p>\n","protected":false},"author":8,"featured_media":39419,"comment_status":"closed","ping_status":"closed","sticky":false,"template":"","format":"standard","meta":{"footnotes":"","_links_to":"","_links_to_target":""},"categories":[383],"tags":[],"calendar":[],"_links":{"self":[{"href":"https:\/\/anprotec.org.br\/site\/wp-json\/wp\/v2\/posts\/39417"}],"collection":[{"href":"https:\/\/anprotec.org.br\/site\/wp-json\/wp\/v2\/posts"}],"about":[{"href":"https:\/\/anprotec.org.br\/site\/wp-json\/wp\/v2\/types\/post"}],"author":[{"embeddable":true,"href":"https:\/\/anprotec.org.br\/site\/wp-json\/wp\/v2\/users\/8"}],"replies":[{"embeddable":true,"href":"https:\/\/anprotec.org.br\/site\/wp-json\/wp\/v2\/comments?post=39417"}],"version-history":[{"count":2,"href":"https:\/\/anprotec.org.br\/site\/wp-json\/wp\/v2\/posts\/39417\/revisions"}],"predecessor-version":[{"id":39427,"href":"https:\/\/anprotec.org.br\/site\/wp-json\/wp\/v2\/posts\/39417\/revisions\/39427"}],"wp:featuredmedia":[{"embeddable":true,"href":"https:\/\/anprotec.org.br\/site\/wp-json\/wp\/v2\/media\/39419"}],"wp:attachment":[{"href":"https:\/\/anprotec.org.br\/site\/wp-json\/wp\/v2\/media?parent=39417"}],"wp:term":[{"taxonomy":"category","embeddable":true,"href":"https:\/\/anprotec.org.br\/site\/wp-json\/wp\/v2\/categories?post=39417"},{"taxonomy":"post_tag","embeddable":true,"href":"https:\/\/anprotec.org.br\/site\/wp-json\/wp\/v2\/tags?post=39417"},{"taxonomy":"calendar","embeddable":true,"href":"https:\/\/anprotec.org.br\/site\/wp-json\/wp\/v2\/calendar?post=39417"}],"curies":[{"name":"wp","href":"https:\/\/api.w.org\/{rel}","templated":true}]}}