{"id":39406,"date":"2021-12-20T10:15:58","date_gmt":"2021-12-20T13:15:58","guid":{"rendered":"https:\/\/anprotec.org.br\/site\/?p=39406"},"modified":"2021-12-20T10:15:58","modified_gmt":"2021-12-20T13:15:58","slug":"tecnosinos-inaugura-novo-showroom","status":"publish","type":"post","link":"https:\/\/anprotec.org.br\/site\/2021\/12\/tecnosinos-inaugura-novo-showroom\/","title":{"rendered":"Tecnosinos inaugura novo Showroom\u00a0"},"content":{"rendered":"<p><img decoding=\"async\" loading=\"lazy\" class=\"size-full wp-image-39407 alignleft\" src=\"https:\/\/anprotec.org.br\/site\/wp-content\/uploads\/2021\/12\/Tecno.jpg\" alt=\"\" width=\"370\" height=\"235\" srcset=\"https:\/\/anprotec.org.br\/site\/wp-content\/uploads\/2021\/12\/Tecno.jpg 370w, https:\/\/anprotec.org.br\/site\/wp-content\/uploads\/2021\/12\/Tecno-300x191.jpg 300w, https:\/\/anprotec.org.br\/site\/wp-content\/uploads\/2021\/12\/Tecno-230x146.jpg 230w, https:\/\/anprotec.org.br\/site\/wp-content\/uploads\/2021\/12\/Tecno-50x32.jpg 50w, https:\/\/anprotec.org.br\/site\/wp-content\/uploads\/2021\/12\/Tecno-118x75.jpg 118w\" sizes=\"(max-width: 370px) 100vw, 370px\" \/>A inova\u00e7\u00e3o, que sempre esteve presente no DNA das empresas do Parque Tecnol\u00f3gico S\u00e3o Leopoldo &#8211; Tecnosinos, precisa ser mostrada de forma mais atraente. Assim, buscando ser a express\u00e3o das novas tecnologias, em evento realizado na \u00faltima quinta-feira, 16, foi inaugurado o novo Showroom do Tecnosinos. O espa\u00e7o remodelado, agora \u00e9 mais digital e interativo, buscando ser a express\u00e3o das novas tecnologias produzidas pelas empresas do Parque.<u><\/u>\u00a0<u><\/u><\/p>\n<p>A diretora de Inova\u00e7\u00e3o da Unisinos e CEO do Tecnosinos, Susana Kakuta, destacou o trabalho realizado ao longo dos mais de 20 anos do Parque. \u201cTemos aqui muitos empres\u00e1rios que est\u00e3o desde o come\u00e7o. Em 2009, t\u00ednhamos 23 empresas e ger\u00e1vamos 540 empregos. Hoje, estamos consolidados como um dos principais parques tecnol\u00f3gicos da Am\u00e9rica Latina. Somos refer\u00eancia nacional: a \u00fanica incubadora do pa\u00eds com o mais alto n\u00edvel de incuba\u00e7\u00e3o, a Certifica\u00e7\u00e3o Cerne 4\u201d.<u><\/u>\u00a0<u><\/u><\/p>\n<p>Atualmente o Tecnosinos conta com 121 empresas, entre consolidadas e startups. Gera cerca de 10 mil empregos diretos. Constitui-se em um ambiente tecnol\u00f3gico, que visa fomentar novas economias da \u00e1rea tecnol\u00f3gica, orientadas pelo empreendedorismo inovador e auxiliar no desenvolvimento sustent\u00e1vel da regi\u00e3o do Vale dos Sinos.<u><\/u>\u00a0<u><\/u><\/p>\n<p>Susana ressaltou que, quando o Showroom foi criado, em 2013, o objetivo era a exposi\u00e7\u00e3o dos produtos das empresas do Tecnosinos. \u201cNa \u00e9poca, foi um projeto pioneiro. Mas, que foi se perdendo ao longo do tempo. A ideia deste novo espa\u00e7o \u00e9 dar uma renovada, fazer com seja uma demonstra\u00e7\u00e3o das tecnologias que a gente produz aqui. Ser\u00e1 importante n\u00e3o s\u00f3 para a institucionalidade do parque tecnol\u00f3gico, mas para os empreendedores\u201d.<u><\/u>\u00a0<u><\/u><\/p>\n<p>A arena constru\u00edda tamb\u00e9m est\u00e1 alinhada com o momento atual, para ser utilizada por startups, pelas empresas consolidadas, para o Programa Talentos e pela Academia.<u><\/u>\u00a0<u><\/u><\/p>\n<p>Susana destaca que o ambiente ser\u00e1 um espa\u00e7o de todos. \u201cSer\u00e1 usado como degusta\u00e7\u00e3o das tecnologias produzidas por nossas empresas. O Showroom \u00e9 para as empresas. A maior for\u00e7a que ele pode ter \u00e9 quando efetivamente se tornar um instrumento de parcerias e de demonstra\u00e7\u00e3o desse ecossistema\u201d.<u><\/u>\u00a0<u><\/u><u><\/u>\u00a0<u><\/u><\/p>\n<p>O reitor da Unisinos, Pe. Marcelo Fernandes de Aquino, ressaltou a import\u00e2ncia do Tecnosinos para o desenvolvimento cultural e tecnol\u00f3gico de S\u00e3o Leopoldo. \u201cPodemos ter orgulho de dizer que, em poucos anos, levantou-se um pujante parque tecnol\u00f3gico, transferindo essa riqueza para benef\u00edcio da popula\u00e7\u00e3o\u201d.<u><\/u>\u00a0<u><\/u><u><\/u>\u00a0<u><\/u><\/p>\n<p>Para o prefeito de S\u00e3o Leopoldo, Ary Vanazzi, a decis\u00e3o estrat\u00e9gica de apostar em tecnologia foi fundamental para o crescimento da cidade. \u201cNossa experi\u00eancia com a Governan\u00e7a do Tecnosinos \u00e9 uma inova\u00e7\u00e3o que re\u00fane universidade, empres\u00e1rios e o poder p\u00fablico local. Dentro das dificuldades encontradas, criamos alternativas para crescer e desenvolver. Precisamos continuar a investir em pesquisa, estudo e ci\u00eancia para ter uma universidade mais forte, um Parque mais forte e uma cidade desenvolvida\u201d.<u><\/u>\u00a0<u><\/u><\/p>\n<p>Para o presidente da Associa\u00e7\u00e3o Comercial, Industrial, de Servi\u00e7os e Tecnologia de S\u00e3o Leopoldo (Acist-SL) e diretor da SKA, Siegfried Koelln, o Showroom foi pensado para dar oportunidades para quem quer criar, quer fazer. \u201cO que vivemos aqui \u00e9 espetacular. Para todos os empreendedores, nada melhor do que um sonho. Estamos expondo um projeto da SKA, que tem um pedido de patente pendente. \u00c9 uma pe\u00e7a de intuba\u00e7\u00e3o de pessoas, um projeto conjunto com o Instituto Hospitalar Concei\u00e7\u00e3o\u201d.<u><\/u>\u00a0<u><\/u><\/p>\n<p>O presidente da Associa\u00e7\u00e3o do Polo de Inform\u00e1tica de S\u00e3o Leopoldo e diretor da Digistar, Oldemar Brahm, destacou a import\u00e2ncia da Governan\u00e7a do Tecnosinos para o sucesso do parque. \u201cSomos parte de um projeto de colabora\u00e7\u00e3o que re\u00fane empres\u00e1rios, poder p\u00fablico e universidade. O Programa 3 Mil Talentos \u00e9 um exemplo dessa sinergia. Demonstra que juntos somos mais fortes\u201d.<u><\/u><\/p>\n","protected":false},"excerpt":{"rendered":"<p>A inova\u00e7\u00e3o, que sempre esteve presente no DNA das empresas<span class=\"excerpt-hellip\"> [\u2026]<\/span><\/p>\n","protected":false},"author":8,"featured_media":39407,"comment_status":"closed","ping_status":"closed","sticky":false,"template":"","format":"standard","meta":{"footnotes":"","_links_to":"","_links_to_target":""},"categories":[3],"tags":[],"calendar":[],"_links":{"self":[{"href":"https:\/\/anprotec.org.br\/site\/wp-json\/wp\/v2\/posts\/39406"}],"collection":[{"href":"https:\/\/anprotec.org.br\/site\/wp-json\/wp\/v2\/posts"}],"about":[{"href":"https:\/\/anprotec.org.br\/site\/wp-json\/wp\/v2\/types\/post"}],"author":[{"embeddable":true,"href":"https:\/\/anprotec.org.br\/site\/wp-json\/wp\/v2\/users\/8"}],"replies":[{"embeddable":true,"href":"https:\/\/anprotec.org.br\/site\/wp-json\/wp\/v2\/comments?post=39406"}],"version-history":[{"count":1,"href":"https:\/\/anprotec.org.br\/site\/wp-json\/wp\/v2\/posts\/39406\/revisions"}],"predecessor-version":[{"id":39408,"href":"https:\/\/anprotec.org.br\/site\/wp-json\/wp\/v2\/posts\/39406\/revisions\/39408"}],"wp:featuredmedia":[{"embeddable":true,"href":"https:\/\/anprotec.org.br\/site\/wp-json\/wp\/v2\/media\/39407"}],"wp:attachment":[{"href":"https:\/\/anprotec.org.br\/site\/wp-json\/wp\/v2\/media?parent=39406"}],"wp:term":[{"taxonomy":"category","embeddable":true,"href":"https:\/\/anprotec.org.br\/site\/wp-json\/wp\/v2\/categories?post=39406"},{"taxonomy":"post_tag","embeddable":true,"href":"https:\/\/anprotec.org.br\/site\/wp-json\/wp\/v2\/tags?post=39406"},{"taxonomy":"calendar","embeddable":true,"href":"https:\/\/anprotec.org.br\/site\/wp-json\/wp\/v2\/calendar?post=39406"}],"curies":[{"name":"wp","href":"https:\/\/api.w.org\/{rel}","templated":true}]}}