{"id":39252,"date":"2021-11-26T11:46:04","date_gmt":"2021-11-26T14:46:04","guid":{"rendered":"https:\/\/anprotec.org.br\/site\/?p=39252"},"modified":"2021-11-26T11:46:54","modified_gmt":"2021-11-26T14:46:54","slug":"11a-edicao-do-tempest-talks-debate-tendencias-em-ciberseguranca","status":"publish","type":"post","link":"https:\/\/anprotec.org.br\/site\/2021\/11\/11a-edicao-do-tempest-talks-debate-tendencias-em-ciberseguranca\/","title":{"rendered":"11\u00aa edi\u00e7\u00e3o do Tempest Talks debate tend\u00eancias em ciberseguran\u00e7a"},"content":{"rendered":"<p><span style=\"font-weight: 400\">O Tempest Talks \u00e9 um evento realizado pela Tempest que conta com os mais diversos nomes de destaque do mercado de seguran\u00e7a no ambiente digital. Especialistas e profissionais com experi\u00eancia no ramo se re\u00fanem para colocar em pauta e debater os temas mais relevantes do mercado.<\/span><\/p>\n<p><span style=\"font-weight: 400\">O evento, que est\u00e1 em sua 11\u00aa edi\u00e7\u00e3o, volta a acontecer no formato presencial para convidados. Por\u00e9m, segue com transmiss\u00e3o online, gratuita e aberta para todos os interessados.<\/span><\/p>\n<p><span style=\"font-weight: 400\">A nova edi\u00e7\u00e3o acontecer\u00e1 no dia 10\/12, das 09h \u00e0s 12h20.O tema central do debate ser\u00e1: Novas tecnologias e ciberseguran\u00e7a: como conect\u00e1-las em um cen\u00e1rio de alta complexidade.<\/span><\/p>\n<p><b>Para realizar sua inscri\u00e7\u00e3o, saber mais detalhes e conferir a programa\u00e7\u00e3o, basta clicar neste link: <\/b><a href=\"https:\/\/www.tempest.com.br\/tempest-talks-2021\/\"><span style=\"font-weight: 400\">https:\/\/www.tempest.com.br\/tempest-talks-2021\/<\/span><\/a><span style=\"font-weight: 400\"> Participe!<\/span><\/p>\n<p>&nbsp;<\/p>\n<p><img decoding=\"async\" loading=\"lazy\" class=\"alignnone size-full wp-image-39253\" src=\"https:\/\/anprotec.org.br\/site\/wp-content\/uploads\/2021\/11\/260358389_4069198256514655_3891689505774680857_n.jpg\" alt=\"\" width=\"1080\" height=\"608\" srcset=\"https:\/\/anprotec.org.br\/site\/wp-content\/uploads\/2021\/11\/260358389_4069198256514655_3891689505774680857_n.jpg 1080w, https:\/\/anprotec.org.br\/site\/wp-content\/uploads\/2021\/11\/260358389_4069198256514655_3891689505774680857_n-300x169.jpg 300w, https:\/\/anprotec.org.br\/site\/wp-content\/uploads\/2021\/11\/260358389_4069198256514655_3891689505774680857_n-1024x576.jpg 1024w, https:\/\/anprotec.org.br\/site\/wp-content\/uploads\/2021\/11\/260358389_4069198256514655_3891689505774680857_n-768x432.jpg 768w, https:\/\/anprotec.org.br\/site\/wp-content\/uploads\/2021\/11\/260358389_4069198256514655_3891689505774680857_n-260x146.jpg 260w, https:\/\/anprotec.org.br\/site\/wp-content\/uploads\/2021\/11\/260358389_4069198256514655_3891689505774680857_n-50x28.jpg 50w, https:\/\/anprotec.org.br\/site\/wp-content\/uploads\/2021\/11\/260358389_4069198256514655_3891689505774680857_n-133x75.jpg 133w\" sizes=\"(max-width: 1080px) 100vw, 1080px\" \/><\/p>\n","protected":false},"excerpt":{"rendered":"<p>O Tempest Talks \u00e9 um evento realizado pela Tempest que<span class=\"excerpt-hellip\"> [\u2026]<\/span><\/p>\n","protected":false},"author":8,"featured_media":39254,"comment_status":"closed","ping_status":"closed","sticky":false,"template":"","format":"standard","meta":{"footnotes":"","_links_to":"","_links_to_target":""},"categories":[3],"tags":[],"calendar":[],"_links":{"self":[{"href":"https:\/\/anprotec.org.br\/site\/wp-json\/wp\/v2\/posts\/39252"}],"collection":[{"href":"https:\/\/anprotec.org.br\/site\/wp-json\/wp\/v2\/posts"}],"about":[{"href":"https:\/\/anprotec.org.br\/site\/wp-json\/wp\/v2\/types\/post"}],"author":[{"embeddable":true,"href":"https:\/\/anprotec.org.br\/site\/wp-json\/wp\/v2\/users\/8"}],"replies":[{"embeddable":true,"href":"https:\/\/anprotec.org.br\/site\/wp-json\/wp\/v2\/comments?post=39252"}],"version-history":[{"count":2,"href":"https:\/\/anprotec.org.br\/site\/wp-json\/wp\/v2\/posts\/39252\/revisions"}],"predecessor-version":[{"id":39256,"href":"https:\/\/anprotec.org.br\/site\/wp-json\/wp\/v2\/posts\/39252\/revisions\/39256"}],"wp:featuredmedia":[{"embeddable":true,"href":"https:\/\/anprotec.org.br\/site\/wp-json\/wp\/v2\/media\/39254"}],"wp:attachment":[{"href":"https:\/\/anprotec.org.br\/site\/wp-json\/wp\/v2\/media?parent=39252"}],"wp:term":[{"taxonomy":"category","embeddable":true,"href":"https:\/\/anprotec.org.br\/site\/wp-json\/wp\/v2\/categories?post=39252"},{"taxonomy":"post_tag","embeddable":true,"href":"https:\/\/anprotec.org.br\/site\/wp-json\/wp\/v2\/tags?post=39252"},{"taxonomy":"calendar","embeddable":true,"href":"https:\/\/anprotec.org.br\/site\/wp-json\/wp\/v2\/calendar?post=39252"}],"curies":[{"name":"wp","href":"https:\/\/api.w.org\/{rel}","templated":true}]}}