{"id":38938,"date":"2021-10-30T13:10:56","date_gmt":"2021-10-30T16:10:56","guid":{"rendered":"https:\/\/anprotec.org.br\/site\/?p=38938"},"modified":"2025-02-25T17:34:36","modified_gmt":"2025-02-25T20:34:36","slug":"19o-episodio-da-serie-anprotalks-ambientes-de-inovacao-como-living-labs","status":"publish","type":"post","link":"https:\/\/anprotec.org.br\/site\/2021\/10\/19o-episodio-da-serie-anprotalks-ambientes-de-inovacao-como-living-labs\/","title":{"rendered":"19\u00ba epis\u00f3dio da s\u00e9rie AnproTalks: &#8216;Ambientes de Inova\u00e7\u00e3o como Living Labs&#8217;"},"content":{"rendered":"<p><span style=\"font-weight: 400\"><img decoding=\"async\" loading=\"lazy\" class=\"size-full wp-image-38939 alignleft\" src=\"https:\/\/anprotec.org.br\/site\/wp-content\/uploads\/2021\/11\/Ghissia.png\" alt=\"\" width=\"370\" height=\"235\" srcset=\"https:\/\/anprotec.org.br\/site\/wp-content\/uploads\/2021\/11\/Ghissia.png 370w, https:\/\/anprotec.org.br\/site\/wp-content\/uploads\/2021\/11\/Ghissia-300x191.png 300w, https:\/\/anprotec.org.br\/site\/wp-content\/uploads\/2021\/11\/Ghissia-230x146.png 230w, https:\/\/anprotec.org.br\/site\/wp-content\/uploads\/2021\/11\/Ghissia-50x32.png 50w, https:\/\/anprotec.org.br\/site\/wp-content\/uploads\/2021\/11\/Ghissia-118x75.png 118w\" sizes=\"(max-width: 370px) 100vw, 370px\" \/>Aconteceu na manh\u00e3 de hoje, 29, o 19\u00b0 epis\u00f3dio do AnproTalks, que teve como tema a Trilha 3 da 31\u00aa Confer\u00eancia Anprotec &#8216;Ambientes de Inova\u00e7\u00e3o como Living Labs&#8217;.<\/span><\/p>\n<p><span style=\"font-weight: 400\">O webinar contou com a participa\u00e7\u00e3o de Ghissia Hauser, professora convidada pela Universidade de Nantes-Fran\u00e7a, Edgar Andrade &#8211; CEO na Fab Lab Recife e Jardel Mattos, diretor de Redes e Associados da Anprotec, que discutiram se os ambientes de inova\u00e7\u00e3o podem assumir o papel &#8216;living labs&#8217;, promovendo um local de encontro e densidade que catalisam a inova\u00e7\u00e3o no contexto de p\u00f3s-pandemia.\u00a0<\/span><\/p>\n<p><span style=\"font-weight: 400\">Ghissia Hauser iniciou o debate sobre o tema com uma apresenta\u00e7\u00e3o sobre a hist\u00f3ria desses Ambientes de Inova\u00e7\u00e3o, com o exemplo do \u2018Porto Digital\u2019, o parque tecnol\u00f3gico urbano que foi inaugurado no centro hist\u00f3rico de Recife em 2000, valorizando a territorialidade e saindo do padr\u00e3o de ambientes fechados na cidade, partindo para o meio urbano.\u00a0<\/span><\/p>\n<p><span style=\"font-weight: 400\">Ghissia tamb\u00e9m explicou sobre o conceito \u2018Smart City\u2019, cidades inteligentes que usam tipos diferentes de sensores eletr\u00f4nicos para coletar dados e us\u00e1-los para gerenciar recursos e ativos eficientemente. O Smart City \u00e9 uma jun\u00e7\u00e3o das evolu\u00e7\u00f5es e compartilhamento das realidades de living labs, economia compartilhada e das plataformas de compartilhamento de informa\u00e7\u00e3o.<\/span><\/p>\n<p><span style=\"font-weight: 400\">\u201cNa ideia de smart city, al\u00e9m de todas as h\u00e9lices se pensa sempre que a economia tem que ser inteligente e proporcionar a competitividade, a governan\u00e7a inteligente com participa\u00e7\u00e3o, o ambiente inteligente com recursos naturais, capital humano e social, mobilidade inteligente e por fim, a qualidade de vida inteligente<\/span> <span style=\"font-weight: 400\">\u201c, afirmou.\u00a0<\/span><\/p>\n<p><span style=\"font-weight: 400\">Ela tamb\u00e9m explicou um pouco sobre o papel do Living Labs, que \u00e9 um ecossistema de inova\u00e7\u00e3o aberta que muitas vezes opera em um contexto territorial, integrando processos de pesquisa em parcerias p\u00fablico-privada. \u201cA premissa do Living Lab \u00e9 que a cidade pode ser usada como um campo de testes do mundo real para gerar novas ideias e tecnologias, como por exemplo, as Universidades\u201d.\u00a0<\/span><\/p>\n<p><span style=\"font-weight: 400\">Logo ap\u00f3s a apresenta\u00e7\u00e3o, Edgar Andrade, CEO na Fab Lab Recife, seguindo o debate, afirmou que estamos vivendo um momento de transi\u00e7\u00e3o, com cerca de 40 anos de transforma\u00e7\u00e3o do anal\u00f3gico para o digital, al\u00e9m da acelera\u00e7\u00e3o dessa transforma\u00e7\u00e3o pela pandemia da covid-19.\u00a0<\/span><\/p>\n<p><span style=\"font-weight: 400\">Segundo Edgar, para que a inova\u00e7\u00e3o aconte\u00e7a, juntar pessoas \u00e9 essencial, principalmente de forma presencial. Ele apresentou a necessidade de trazer os ambientes de inova\u00e7\u00e3o para os lugares p\u00fablicos, para aproximar a tecnologia das pessoas, como forma de transforma\u00e7\u00e3o da pr\u00f3pria comunidade e da cidade, atrav\u00e9s da conex\u00e3o e inova\u00e7\u00e3o.\u00a0<\/span><\/p>\n<p><span style=\"font-weight: 400\">\u201cA ess\u00eancia do living lab no mundo \u00e9 democratizar o acesso para todos a essas ferramentas que nos conectam com o futuro\u201d, explicou.\u00a0<\/span><\/p>\n<p><span style=\"font-weight: 400\">E para encerrar o webinar , Jardel Mattos deixou o convite para a\u00a0 31\u00aa edi\u00e7\u00e3o da Confer\u00eancia Anprotec, que ter\u00e1 como tema \u2018The Great Reset: A Redefini\u00e7\u00e3o dos Ambientes de Inova\u00e7\u00e3o\u2019. Para se inscrever, acesse o site: <\/span><a href=\"https:\/\/informativo.anprotec.org.br\/anprotalks_webinar-19\"><span style=\"font-weight: 400\">https:\/\/informativo.anprotec.org.br\/anprotalks_webinar-19<\/span><\/a><\/p>\n<p><span style=\"font-weight: 400\">Confira o epis\u00f3dio completo: <\/span><a href=\"https:\/\/www.youtube.com\/watch?v=OUtpa3eOjUw\"><span style=\"font-weight: 400\">https:\/\/www.youtube.com\/watch?v=OUtpa3eOjUw<\/span><\/a><\/p>\n","protected":false},"excerpt":{"rendered":"<p>Aconteceu na manh\u00e3 de hoje, 29, o 19\u00b0 epis\u00f3dio do<span class=\"excerpt-hellip\"> [\u2026]<\/span><\/p>\n","protected":false},"author":8,"featured_media":38939,"comment_status":"closed","ping_status":"closed","sticky":false,"template":"","format":"standard","meta":{"footnotes":"","_links_to":"","_links_to_target":""},"categories":[391,3],"tags":[],"calendar":[],"_links":{"self":[{"href":"https:\/\/anprotec.org.br\/site\/wp-json\/wp\/v2\/posts\/38938"}],"collection":[{"href":"https:\/\/anprotec.org.br\/site\/wp-json\/wp\/v2\/posts"}],"about":[{"href":"https:\/\/anprotec.org.br\/site\/wp-json\/wp\/v2\/types\/post"}],"author":[{"embeddable":true,"href":"https:\/\/anprotec.org.br\/site\/wp-json\/wp\/v2\/users\/8"}],"replies":[{"embeddable":true,"href":"https:\/\/anprotec.org.br\/site\/wp-json\/wp\/v2\/comments?post=38938"}],"version-history":[{"count":1,"href":"https:\/\/anprotec.org.br\/site\/wp-json\/wp\/v2\/posts\/38938\/revisions"}],"predecessor-version":[{"id":38940,"href":"https:\/\/anprotec.org.br\/site\/wp-json\/wp\/v2\/posts\/38938\/revisions\/38940"}],"wp:featuredmedia":[{"embeddable":true,"href":"https:\/\/anprotec.org.br\/site\/wp-json\/wp\/v2\/media\/38939"}],"wp:attachment":[{"href":"https:\/\/anprotec.org.br\/site\/wp-json\/wp\/v2\/media?parent=38938"}],"wp:term":[{"taxonomy":"category","embeddable":true,"href":"https:\/\/anprotec.org.br\/site\/wp-json\/wp\/v2\/categories?post=38938"},{"taxonomy":"post_tag","embeddable":true,"href":"https:\/\/anprotec.org.br\/site\/wp-json\/wp\/v2\/tags?post=38938"},{"taxonomy":"calendar","embeddable":true,"href":"https:\/\/anprotec.org.br\/site\/wp-json\/wp\/v2\/calendar?post=38938"}],"curies":[{"name":"wp","href":"https:\/\/api.w.org\/{rel}","templated":true}]}}