{"id":38886,"date":"2021-10-27T11:56:34","date_gmt":"2021-10-27T14:56:34","guid":{"rendered":"https:\/\/anprotec.org.br\/site\/?p=38886"},"modified":"2025-02-25T17:40:10","modified_gmt":"2025-02-25T20:40:10","slug":"anprotec-e-sebrae-lancam-programa-de-apoio-a-aceleracao-de-negocios-para-aceleradoras-associadas","status":"publish","type":"post","link":"https:\/\/anprotec.org.br\/site\/2021\/10\/anprotec-e-sebrae-lancam-programa-de-apoio-a-aceleracao-de-negocios-para-aceleradoras-associadas\/","title":{"rendered":"Anprotec e SEBRAE lan\u00e7am Programa de Apoio \u00e0 Acelera\u00e7\u00e3o de Neg\u00f3cios para aceleradoras associadas"},"content":{"rendered":"<p><span style=\"font-weight: 400\"><img decoding=\"async\" loading=\"lazy\" class=\"size-full wp-image-38887 alignleft\" src=\"https:\/\/anprotec.org.br\/site\/wp-content\/uploads\/2021\/10\/capa-cropped.jpg\" alt=\"\" width=\"370\" height=\"235\" srcset=\"https:\/\/anprotec.org.br\/site\/wp-content\/uploads\/2021\/10\/capa-cropped.jpg 370w, https:\/\/anprotec.org.br\/site\/wp-content\/uploads\/2021\/10\/capa-cropped-300x191.jpg 300w, https:\/\/anprotec.org.br\/site\/wp-content\/uploads\/2021\/10\/capa-cropped-230x146.jpg 230w, https:\/\/anprotec.org.br\/site\/wp-content\/uploads\/2021\/10\/capa-cropped-50x32.jpg 50w, https:\/\/anprotec.org.br\/site\/wp-content\/uploads\/2021\/10\/capa-cropped-118x75.jpg 118w\" sizes=\"(max-width: 370px) 100vw, 370px\" \/>No \u00e2mbito do Plano de A\u00e7\u00e3o 2021-2023 de implementa\u00e7\u00e3o do Conv\u00eanio de Coopera\u00e7\u00e3o T\u00e9cnica e Financeira SEBRAE &amp; ANPROTEC &#8211; Projeto de Fortalecimento de pequenos neg\u00f3cios inovadores conectados com os ambientes promotores da inova\u00e7\u00e3o, \u00e9 com satisfa\u00e7\u00e3o que lan\u00e7amos o\u00a0 <\/span><b>Programa de Apoio \u00e0 Acelera\u00e7\u00e3o de Neg\u00f3cios, <\/b><span style=\"font-weight: 400\">cuja finalidade \u00e9 conectar os pequenos neg\u00f3cios inovadores com as aceleradoras de neg\u00f3cios e atrav\u00e9s de intera\u00e7\u00f5es e potencializar as rela\u00e7\u00f5es com investidores e oportunidades de mercado, com o objetivo de <\/span><b>escalar <\/b><span style=\"font-weight: 400\">novos modelos de neg\u00f3cios, descobrir e explorar novos mercados a partir da inova\u00e7\u00e3o aberta e acessar capital de risco para viabilizar o crescimento dos empreendimentos.<\/span><\/p>\n<p><span style=\"font-weight: 400\">Entre as oportunidades j\u00e1 mapeadas, destacamos as oportunidades de conex\u00e3o com mercado estabelecidas atrav\u00e9s de desafios tecnol\u00f3gicos j\u00e1 confirmados nas parcerias estabelecidas entre a Anprotec com o <\/span><b>Grupo Algar\/Brain<\/b><span style=\"font-weight: 400\"> e o <\/span><b>Grupo Jabil<\/b><span style=\"font-weight: 400\">, al\u00e9m dos projetos de neg\u00f3cios atendidos pelo Programa Ideiaz \u2013 Powered by InovAtiva e dos demais projetos de neg\u00f3cios provenientes de iniciativas do SEBRAE e Anprotec.<\/span><\/p>\n<p><span style=\"font-weight: 400\">Nos links abaixo, est\u00e3o dispon\u00edveis o <\/span><b>Regulamento Geral do Programa<\/b><span style=\"font-weight: 400\"> e o <\/span><b>Termo de Ades\u00e3o<\/b><span style=\"font-weight: 400\">. O Termo de Ades\u00e3o assinado, bem como eventuais solicita\u00e7\u00f5es de informa\u00e7\u00f5es ou d\u00favidas sobre este regulamento dever\u00e3o ser enviados exclusivamente para o endere\u00e7o eletr\u00f4nico <\/span><a href=\"mailto:corporate@anprotec.org.br\"><b>corporate@anprotec.org.br<\/b><\/a><b>.<\/b><\/p>\n<p><strong>O programa \u00e9 exclusivo para aceleradoras associadas \u00e0 Anprotec.<\/strong><\/p>\n<p><a href=\"https:\/\/www.worldlabs.org\/opportunity\/anprotec-programa-de-aceleracao-de-negocios\/feed\"><b>Inscreva-se.<\/b><\/a><\/p>\n<p><a href=\"https:\/\/anprotec.org.br\/site\/wp-content\/uploads\/2021\/10\/PAN-regulamento_v3.2.pdf\"><b>Regulamento Geral do Programa<\/b><\/a><\/p>\n<p><a href=\"https:\/\/anprotec.org.br\/site\/wp-content\/uploads\/2021\/10\/PAN-TermoAdesao_v2.1.pdf\"><b>Termo de Ades\u00e3o<\/b><\/a><\/p>\n","protected":false},"excerpt":{"rendered":"<p>No \u00e2mbito do Plano de A\u00e7\u00e3o 2021-2023 de implementa\u00e7\u00e3o do<span class=\"excerpt-hellip\"> [\u2026]<\/span><\/p>\n","protected":false},"author":8,"featured_media":38887,"comment_status":"closed","ping_status":"closed","sticky":false,"template":"","format":"standard","meta":{"footnotes":"","_links_to":"","_links_to_target":""},"categories":[416,415,383],"tags":[],"calendar":[],"_links":{"self":[{"href":"https:\/\/anprotec.org.br\/site\/wp-json\/wp\/v2\/posts\/38886"}],"collection":[{"href":"https:\/\/anprotec.org.br\/site\/wp-json\/wp\/v2\/posts"}],"about":[{"href":"https:\/\/anprotec.org.br\/site\/wp-json\/wp\/v2\/types\/post"}],"author":[{"embeddable":true,"href":"https:\/\/anprotec.org.br\/site\/wp-json\/wp\/v2\/users\/8"}],"replies":[{"embeddable":true,"href":"https:\/\/anprotec.org.br\/site\/wp-json\/wp\/v2\/comments?post=38886"}],"version-history":[{"count":1,"href":"https:\/\/anprotec.org.br\/site\/wp-json\/wp\/v2\/posts\/38886\/revisions"}],"predecessor-version":[{"id":38888,"href":"https:\/\/anprotec.org.br\/site\/wp-json\/wp\/v2\/posts\/38886\/revisions\/38888"}],"wp:featuredmedia":[{"embeddable":true,"href":"https:\/\/anprotec.org.br\/site\/wp-json\/wp\/v2\/media\/38887"}],"wp:attachment":[{"href":"https:\/\/anprotec.org.br\/site\/wp-json\/wp\/v2\/media?parent=38886"}],"wp:term":[{"taxonomy":"category","embeddable":true,"href":"https:\/\/anprotec.org.br\/site\/wp-json\/wp\/v2\/categories?post=38886"},{"taxonomy":"post_tag","embeddable":true,"href":"https:\/\/anprotec.org.br\/site\/wp-json\/wp\/v2\/tags?post=38886"},{"taxonomy":"calendar","embeddable":true,"href":"https:\/\/anprotec.org.br\/site\/wp-json\/wp\/v2\/calendar?post=38886"}],"curies":[{"name":"wp","href":"https:\/\/api.w.org\/{rel}","templated":true}]}}