{"id":38725,"date":"2021-10-15T16:12:37","date_gmt":"2021-10-15T19:12:37","guid":{"rendered":"https:\/\/anprotec.org.br\/site\/?p=38725"},"modified":"2025-02-25T18:03:38","modified_gmt":"2025-02-25T21:03:38","slug":"17-anprotalks-aborda-um-dos-temas-da-31a-conferencia-anprotec","status":"publish","type":"post","link":"https:\/\/anprotec.org.br\/site\/2021\/10\/17-anprotalks-aborda-um-dos-temas-da-31a-conferencia-anprotec\/","title":{"rendered":"17\u00b0 AnproTalks aborda um dos temas da 31\u00aa Confer\u00eancia Anprotec"},"content":{"rendered":"<p>Na manh\u00e3 de hoje, 15, aconteceu a 17\u00aa edi\u00e7\u00e3o do Anprotalks. Esta edi\u00e7\u00e3o inicia uma s\u00e9rie de webinars que ser\u00e3o realizados, semanalmente, at\u00e9 o dia da <a href=\"https:\/\/anprotec.org.br\/conferencia2021\/\">31\u00aa Confer\u00eancia Anprotec<\/a>, tratando de temas importantes do evento. Al\u00e9m das expectativas e informa\u00e7\u00f5es sobre o evento, o webinar promoveu um bate papo com o tema \u2018Omnichannel: a entrega de valor on e offline\u2019.<\/p>\n<p>Com apresenta\u00e7\u00e3o de Carlos Eduardo Aranha, Diretor de Novos Ambientes da Anprotec, o Webinar contou com a participa\u00e7\u00e3o de Milksom Ferreira Campelo, Coordenador de Prospec\u00e7\u00e3o, Transfer\u00eancia de Tecnologia e Neg\u00f3cios no Parque de Ci\u00eancia e Tecnologia Guam\u00e1 e de Miguel Gaia, s\u00f3cio-fundador do Nexto.<\/p>\n<p>Como assunto central do debate, o t\u00f3pico \u2018Omnichannel \u2013 A entrega de valor on e offline,\u2019 ser\u00e1 uma das trilhas abordadas durante a Confer\u00eancia Anprotec, tratando\u00a0 quest\u00f5es como:<\/p>\n<p>\u2013 Como ambientes de inova\u00e7\u00e3o v\u00e3o agregar valor para seus residentes mesmo \u00e0 dist\u00e2ncia?<\/p>\n<p>\u2013 Como os ambientes de inova\u00e7\u00e3o menores e regionais podem atuar nesse cen\u00e1rio?<\/p>\n<p>\u2013 Como o ambiente online pode potencializar o networking com investidores?<\/p>\n<p><img decoding=\"async\" loading=\"lazy\" class=\" wp-image-38726 alignleft\" src=\"https:\/\/anprotec.org.br\/site\/wp-content\/uploads\/2021\/10\/Aranha.png\" alt=\"\" width=\"276\" height=\"175\" srcset=\"https:\/\/anprotec.org.br\/site\/wp-content\/uploads\/2021\/10\/Aranha.png 370w, https:\/\/anprotec.org.br\/site\/wp-content\/uploads\/2021\/10\/Aranha-300x191.png 300w, https:\/\/anprotec.org.br\/site\/wp-content\/uploads\/2021\/10\/Aranha-230x146.png 230w, https:\/\/anprotec.org.br\/site\/wp-content\/uploads\/2021\/10\/Aranha-50x32.png 50w, https:\/\/anprotec.org.br\/site\/wp-content\/uploads\/2021\/10\/Aranha-118x75.png 118w\" sizes=\"(max-width: 276px) 100vw, 276px\" \/><\/p>\n<p>A transi\u00e7\u00e3o das empresas para o digital j\u00e1 estava desenhada em um passado recente e, com a situa\u00e7\u00e3o da pandemia, aumentou-se a necessidade e urg\u00eancia de oferecer uma experi\u00eancia fluida, com intera\u00e7\u00e3o f\u00edsica e digital.<\/p>\n<p><img decoding=\"async\" loading=\"lazy\" class=\" wp-image-38727 alignright\" src=\"https:\/\/anprotec.org.br\/site\/wp-content\/uploads\/2021\/10\/Milksom-1024x572.png\" alt=\"\" width=\"344\" height=\"192\" srcset=\"https:\/\/anprotec.org.br\/site\/wp-content\/uploads\/2021\/10\/Milksom-1024x572.png 1024w, https:\/\/anprotec.org.br\/site\/wp-content\/uploads\/2021\/10\/Milksom-300x168.png 300w, https:\/\/anprotec.org.br\/site\/wp-content\/uploads\/2021\/10\/Milksom-768x429.png 768w, https:\/\/anprotec.org.br\/site\/wp-content\/uploads\/2021\/10\/Milksom-260x146.png 260w, https:\/\/anprotec.org.br\/site\/wp-content\/uploads\/2021\/10\/Milksom-50x28.png 50w, https:\/\/anprotec.org.br\/site\/wp-content\/uploads\/2021\/10\/Milksom-134x75.png 134w, https:\/\/anprotec.org.br\/site\/wp-content\/uploads\/2021\/10\/Milksom.png 1234w\" sizes=\"(max-width: 344px) 100vw, 344px\" \/><\/p>\n<p>Iniciando a discuss\u00e3o, Carlos Aranha pontuou a import\u00e2ncia de se pensar em novos modelos de neg\u00f3cios para os ambientes baseado neste novo contexto. \u201cMuitos dos nossos ambientes v\u00eam se reinventando, a proposta de valor muda, come\u00e7amos a pensar em novos servi\u00e7os e questionar o que podemos fazer para melhorar experi\u00eancias e agregar valor aos empreendimentos\u201d.<\/p>\n<p>Tratando-se do comportamento de ambientes de inova\u00e7\u00e3o menores nesta adapta\u00e7\u00e3o, Milkson Campelo mencionou um exemplo da forma de atua\u00e7\u00e3o do Parque de Ci\u00eancia e Tecnologia Guam\u00e1. &#8220;Por exemplo, eventos e apresenta\u00e7\u00f5es feitas online facilitam no aspecto da log\u00edstica, engajamento e alcance, e trazem resultados positivos. Assim como passamos a utilizar assinatura de certificados digitais, e n\u00e3o usamos mais boletos f\u00edsicos.\u201d<\/p>\n<p><img decoding=\"async\" loading=\"lazy\" class=\"wp-image-38728 alignleft\" src=\"https:\/\/anprotec.org.br\/site\/wp-content\/uploads\/2021\/10\/Nexto-1024x581.png\" alt=\"\" width=\"458\" height=\"260\" srcset=\"https:\/\/anprotec.org.br\/site\/wp-content\/uploads\/2021\/10\/Nexto-1024x581.png 1024w, https:\/\/anprotec.org.br\/site\/wp-content\/uploads\/2021\/10\/Nexto-300x170.png 300w, https:\/\/anprotec.org.br\/site\/wp-content\/uploads\/2021\/10\/Nexto-768x436.png 768w, https:\/\/anprotec.org.br\/site\/wp-content\/uploads\/2021\/10\/Nexto-257x146.png 257w, https:\/\/anprotec.org.br\/site\/wp-content\/uploads\/2021\/10\/Nexto-50x28.png 50w, https:\/\/anprotec.org.br\/site\/wp-content\/uploads\/2021\/10\/Nexto-132x75.png 132w, https:\/\/anprotec.org.br\/site\/wp-content\/uploads\/2021\/10\/Nexto.png 1232w\" sizes=\"(max-width: 458px) 100vw, 458px\" \/><\/p>\n<p><strong>Confer\u00eancia Anprotec ter\u00e1 app para comunica\u00e7\u00e3o e networking<\/strong><\/p>\n<p>O cen\u00e1rio de integra\u00e7\u00e3o f\u00edsica e digital tamb\u00e9m colabora com a potencializa\u00e7\u00e3o de fazer conex\u00f5es com profissionais da \u00e1rea e investidores. Evid\u00eancia disso \u00e9 o aplicativo <a href=\"https:\/\/www.nexto.pro\/\">Nexto<\/a>, que possibilita a cria\u00e7\u00e3o de comunidades para debater sobre temas espec\u00edficos, promovendo o networking entre os participantes. O Nexto ser\u00e1 utilizado como o aplicativo de comunica\u00e7\u00e3o da Confer\u00eancia Anprotec, com comunidades sobre os t\u00f3picos abordados durante o evento.<\/p>\n<p>Miguel Gaia, s\u00f3cio-fundador da empresa, comentou sobre o app e mostrou sua interface e utiliza\u00e7\u00e3o durante a live. \u201cN\u00f3s trabalhamos o Nexto para cumprir tr\u00eas pilares b\u00e1sicos: troca de conhecimentos, networking mais efetivo e acompanhamento de eventos importantes de parques e centros de inova\u00e7\u00e3o em meio a muitos grupos e redes sociais\u201d.<\/p>\n<p>Para fazer parte do grupo da Anprotec no Nexto, fa\u00e7a o donwload do app em seu smartphone e\u00a0 acesse o link <a href=\"https:\/\/www.nexto.pro\/?event=community_A792563\">https:\/\/www.nexto.pro\/?event=community_A792563<\/a>.<\/p>\n<p>Para conferir o Anprotalks 17 na \u00edntegra, clique no link abaixo:<\/p>\n<p><a href=\"https:\/\/www.youtube.com\/watch?v=JTa1ZXtrev0&amp;ab_channel=Associa%C3%A7%C3%A3oAnprotec\">https:\/\/www.youtube.com\/watch?v=JTa1ZXtrev0&amp;ab_channel=Associa%C3%A7%C3%A3oAnprotec<\/a><\/p>\n","protected":false},"excerpt":{"rendered":"<p>Na manh\u00e3 de hoje, 15, aconteceu a 17\u00aa edi\u00e7\u00e3o do<span class=\"excerpt-hellip\"> [\u2026]<\/span><\/p>\n","protected":false},"author":8,"featured_media":38726,"comment_status":"closed","ping_status":"closed","sticky":false,"template":"","format":"standard","meta":{"footnotes":"","_links_to":"","_links_to_target":""},"categories":[391,3],"tags":[],"calendar":[],"_links":{"self":[{"href":"https:\/\/anprotec.org.br\/site\/wp-json\/wp\/v2\/posts\/38725"}],"collection":[{"href":"https:\/\/anprotec.org.br\/site\/wp-json\/wp\/v2\/posts"}],"about":[{"href":"https:\/\/anprotec.org.br\/site\/wp-json\/wp\/v2\/types\/post"}],"author":[{"embeddable":true,"href":"https:\/\/anprotec.org.br\/site\/wp-json\/wp\/v2\/users\/8"}],"replies":[{"embeddable":true,"href":"https:\/\/anprotec.org.br\/site\/wp-json\/wp\/v2\/comments?post=38725"}],"version-history":[{"count":2,"href":"https:\/\/anprotec.org.br\/site\/wp-json\/wp\/v2\/posts\/38725\/revisions"}],"predecessor-version":[{"id":38732,"href":"https:\/\/anprotec.org.br\/site\/wp-json\/wp\/v2\/posts\/38725\/revisions\/38732"}],"wp:featuredmedia":[{"embeddable":true,"href":"https:\/\/anprotec.org.br\/site\/wp-json\/wp\/v2\/media\/38726"}],"wp:attachment":[{"href":"https:\/\/anprotec.org.br\/site\/wp-json\/wp\/v2\/media?parent=38725"}],"wp:term":[{"taxonomy":"category","embeddable":true,"href":"https:\/\/anprotec.org.br\/site\/wp-json\/wp\/v2\/categories?post=38725"},{"taxonomy":"post_tag","embeddable":true,"href":"https:\/\/anprotec.org.br\/site\/wp-json\/wp\/v2\/tags?post=38725"},{"taxonomy":"calendar","embeddable":true,"href":"https:\/\/anprotec.org.br\/site\/wp-json\/wp\/v2\/calendar?post=38725"}],"curies":[{"name":"wp","href":"https:\/\/api.w.org\/{rel}","templated":true}]}}