{"id":38530,"date":"2021-09-24T14:50:47","date_gmt":"2021-09-24T17:50:47","guid":{"rendered":"https:\/\/anprotec.org.br\/site\/?p=38530"},"modified":"2025-02-25T16:58:13","modified_gmt":"2025-02-25T19:58:13","slug":"associado-anprotec-podera-divulgar-seu-ambiente-na-31a-conferencia-anprotec","status":"publish","type":"post","link":"https:\/\/anprotec.org.br\/site\/2021\/09\/associado-anprotec-podera-divulgar-seu-ambiente-na-31a-conferencia-anprotec\/","title":{"rendered":"Associado Anprotec poder\u00e1 divulgar seu ambiente na 31\u00aa Confer\u00eancia Anprotec"},"content":{"rendered":"<p><a href=\"https:\/\/informativo.anprotec.org.br\/conferencia-2021-estandes\"><img decoding=\"async\" loading=\"lazy\" class=\"aligncenter wp-image-38531\" src=\"https:\/\/anprotec.org.br\/site\/wp-content\/uploads\/2021\/09\/COnferencia.png\" alt=\"\" width=\"611\" height=\"611\" srcset=\"https:\/\/anprotec.org.br\/site\/wp-content\/uploads\/2021\/09\/COnferencia.png 801w, https:\/\/anprotec.org.br\/site\/wp-content\/uploads\/2021\/09\/COnferencia-300x300.png 300w, https:\/\/anprotec.org.br\/site\/wp-content\/uploads\/2021\/09\/COnferencia-768x768.png 768w, https:\/\/anprotec.org.br\/site\/wp-content\/uploads\/2021\/09\/COnferencia-146x146.png 146w, https:\/\/anprotec.org.br\/site\/wp-content\/uploads\/2021\/09\/COnferencia-50x50.png 50w, https:\/\/anprotec.org.br\/site\/wp-content\/uploads\/2021\/09\/COnferencia-75x75.png 75w, https:\/\/anprotec.org.br\/site\/wp-content\/uploads\/2021\/09\/COnferencia-85x85.png 85w, https:\/\/anprotec.org.br\/site\/wp-content\/uploads\/2021\/09\/COnferencia-80x80.png 80w\" sizes=\"(max-width: 611px) 100vw, 611px\" \/><\/a><\/p>\n<p>Quer divulgar o seu estande virtual no maior encontro de incubadoras, aceleradoras, parques tecnol\u00f3gicos e ambientes de inova\u00e7\u00e3o do pa\u00eds? A Anprotec disponibilizar\u00e1, sem custos, 20 estandes\u00a0para os seus associados\u00a0interagirem com o p\u00fablico, compartilharem materiais e apresentarem seus ambientes durante o evento.<\/p>\n<p>Clique no link abaixo para mais informa\u00e7\u00f5es.<\/p>\n<h5><a href=\"https:\/\/informativo.anprotec.org.br\/conferencia-2021-estandes\"><strong>SAIBA MAIS<\/strong><\/a><\/h5>\n<p><strong>O prazo para envio da solicita\u00e7\u00e3o vai at\u00e9 o dia 8\/10\/2021.<\/strong><\/p>\n<p><em>*\u00c9 necess\u00e1rio estar em dia com a associa\u00e7\u00e3o para ter um estande virtual no evento.<\/em><\/p>\n","protected":false},"excerpt":{"rendered":"<p>Quer divulgar o seu estande virtual no maior encontro de<span class=\"excerpt-hellip\"> [\u2026]<\/span><\/p>\n","protected":false},"author":8,"featured_media":38532,"comment_status":"closed","ping_status":"closed","sticky":false,"template":"","format":"standard","meta":{"footnotes":"","_links_to":"","_links_to_target":""},"categories":[415,411,3,383],"tags":[],"calendar":[],"_links":{"self":[{"href":"https:\/\/anprotec.org.br\/site\/wp-json\/wp\/v2\/posts\/38530"}],"collection":[{"href":"https:\/\/anprotec.org.br\/site\/wp-json\/wp\/v2\/posts"}],"about":[{"href":"https:\/\/anprotec.org.br\/site\/wp-json\/wp\/v2\/types\/post"}],"author":[{"embeddable":true,"href":"https:\/\/anprotec.org.br\/site\/wp-json\/wp\/v2\/users\/8"}],"replies":[{"embeddable":true,"href":"https:\/\/anprotec.org.br\/site\/wp-json\/wp\/v2\/comments?post=38530"}],"version-history":[{"count":2,"href":"https:\/\/anprotec.org.br\/site\/wp-json\/wp\/v2\/posts\/38530\/revisions"}],"predecessor-version":[{"id":38625,"href":"https:\/\/anprotec.org.br\/site\/wp-json\/wp\/v2\/posts\/38530\/revisions\/38625"}],"wp:featuredmedia":[{"embeddable":true,"href":"https:\/\/anprotec.org.br\/site\/wp-json\/wp\/v2\/media\/38532"}],"wp:attachment":[{"href":"https:\/\/anprotec.org.br\/site\/wp-json\/wp\/v2\/media?parent=38530"}],"wp:term":[{"taxonomy":"category","embeddable":true,"href":"https:\/\/anprotec.org.br\/site\/wp-json\/wp\/v2\/categories?post=38530"},{"taxonomy":"post_tag","embeddable":true,"href":"https:\/\/anprotec.org.br\/site\/wp-json\/wp\/v2\/tags?post=38530"},{"taxonomy":"calendar","embeddable":true,"href":"https:\/\/anprotec.org.br\/site\/wp-json\/wp\/v2\/calendar?post=38530"}],"curies":[{"name":"wp","href":"https:\/\/api.w.org\/{rel}","templated":true}]}}