{"id":38400,"date":"2021-09-14T13:32:03","date_gmt":"2021-09-14T16:32:03","guid":{"rendered":"https:\/\/anprotec.org.br\/site\/?p=38400"},"modified":"2025-02-25T17:10:21","modified_gmt":"2025-02-25T20:10:21","slug":"techstart-agro-digital-esta-com-inscricoes-abertas","status":"publish","type":"post","link":"https:\/\/anprotec.org.br\/site\/2021\/09\/techstart-agro-digital-esta-com-inscricoes-abertas\/","title":{"rendered":"TechStart Agro Digital est\u00e1 com inscri\u00e7\u00f5es abertas"},"content":{"rendered":"<p><span style=\"font-weight: 400\">Criado pela Embrapa em parceria com a Venture Hub\u00ae, o programa de acelera\u00e7\u00e3o e inova\u00e7\u00e3o aberta TechStart Agro Digital est\u00e1 com inscri\u00e7\u00f5es abertas para startups, corpora\u00e7\u00f5es e investidores.<\/span><\/p>\n<p><span style=\"font-weight: 400\">A iniciativa mira especialmente em startups que j\u00e1 passaram pelas fases de valida\u00e7\u00e3o inicial, tenham um time formado e estejam trabalhando nos temas propostos. Entretanto, n\u00e3o \u00e9 uma limita\u00e7\u00e3o para quem acredita que a sua empresa possa ser relevante para o programa, afinal, o objetivo \u00e9 ajudar Startups, Grandes Empresas e Institui\u00e7\u00f5es a acelerarem neg\u00f3cios e tecnologias voltadas ao Agroneg\u00f3cio.<\/span><\/p>\n<p><span style=\"font-weight: 400\">As inscri\u00e7\u00f5es para o programa estar\u00e3o abertas at\u00e9 o dia 19 de setembro e dever\u00e3o ser feitas pelo site: <\/span><a href=\"http:\/\/www.venturehub.se\/techstartad\/\"><span style=\"font-weight: 400\">www.venturehub.se\/techstartad\/<\/span><\/a><\/p>\n<p>&nbsp;<\/p>\n<p><img decoding=\"async\" loading=\"lazy\" class=\"alignnone size-large wp-image-38402\" src=\"https:\/\/anprotec.org.br\/site\/wp-content\/uploads\/2021\/09\/TechStart-Agro-Digital-Feed-1024x1024.png\" alt=\"\" width=\"1024\" height=\"1024\" srcset=\"https:\/\/anprotec.org.br\/site\/wp-content\/uploads\/2021\/09\/TechStart-Agro-Digital-Feed-1024x1024.png 1024w, https:\/\/anprotec.org.br\/site\/wp-content\/uploads\/2021\/09\/TechStart-Agro-Digital-Feed-300x300.png 300w, https:\/\/anprotec.org.br\/site\/wp-content\/uploads\/2021\/09\/TechStart-Agro-Digital-Feed-768x768.png 768w, https:\/\/anprotec.org.br\/site\/wp-content\/uploads\/2021\/09\/TechStart-Agro-Digital-Feed-146x146.png 146w, https:\/\/anprotec.org.br\/site\/wp-content\/uploads\/2021\/09\/TechStart-Agro-Digital-Feed-50x50.png 50w, https:\/\/anprotec.org.br\/site\/wp-content\/uploads\/2021\/09\/TechStart-Agro-Digital-Feed-75x75.png 75w, https:\/\/anprotec.org.br\/site\/wp-content\/uploads\/2021\/09\/TechStart-Agro-Digital-Feed-85x85.png 85w, https:\/\/anprotec.org.br\/site\/wp-content\/uploads\/2021\/09\/TechStart-Agro-Digital-Feed-80x80.png 80w, https:\/\/anprotec.org.br\/site\/wp-content\/uploads\/2021\/09\/TechStart-Agro-Digital-Feed.png 1080w\" sizes=\"(max-width: 1024px) 100vw, 1024px\" \/><\/p>\n<p>&nbsp;<\/p>\n","protected":false},"excerpt":{"rendered":"<p>Criado pela Embrapa em parceria com a Venture Hub\u00ae, o<span class=\"excerpt-hellip\"> [\u2026]<\/span><\/p>\n","protected":false},"author":8,"featured_media":38401,"comment_status":"closed","ping_status":"closed","sticky":false,"template":"","format":"standard","meta":{"footnotes":"","_links_to":"","_links_to_target":""},"categories":[3,383],"tags":[],"calendar":[],"_links":{"self":[{"href":"https:\/\/anprotec.org.br\/site\/wp-json\/wp\/v2\/posts\/38400"}],"collection":[{"href":"https:\/\/anprotec.org.br\/site\/wp-json\/wp\/v2\/posts"}],"about":[{"href":"https:\/\/anprotec.org.br\/site\/wp-json\/wp\/v2\/types\/post"}],"author":[{"embeddable":true,"href":"https:\/\/anprotec.org.br\/site\/wp-json\/wp\/v2\/users\/8"}],"replies":[{"embeddable":true,"href":"https:\/\/anprotec.org.br\/site\/wp-json\/wp\/v2\/comments?post=38400"}],"version-history":[{"count":2,"href":"https:\/\/anprotec.org.br\/site\/wp-json\/wp\/v2\/posts\/38400\/revisions"}],"predecessor-version":[{"id":38405,"href":"https:\/\/anprotec.org.br\/site\/wp-json\/wp\/v2\/posts\/38400\/revisions\/38405"}],"wp:featuredmedia":[{"embeddable":true,"href":"https:\/\/anprotec.org.br\/site\/wp-json\/wp\/v2\/media\/38401"}],"wp:attachment":[{"href":"https:\/\/anprotec.org.br\/site\/wp-json\/wp\/v2\/media?parent=38400"}],"wp:term":[{"taxonomy":"category","embeddable":true,"href":"https:\/\/anprotec.org.br\/site\/wp-json\/wp\/v2\/categories?post=38400"},{"taxonomy":"post_tag","embeddable":true,"href":"https:\/\/anprotec.org.br\/site\/wp-json\/wp\/v2\/tags?post=38400"},{"taxonomy":"calendar","embeddable":true,"href":"https:\/\/anprotec.org.br\/site\/wp-json\/wp\/v2\/calendar?post=38400"}],"curies":[{"name":"wp","href":"https:\/\/api.w.org\/{rel}","templated":true}]}}