{"id":38302,"date":"2021-09-08T08:54:58","date_gmt":"2021-09-08T11:54:58","guid":{"rendered":"https:\/\/anprotec.org.br\/site\/?p=38302"},"modified":"2021-09-08T08:54:58","modified_gmt":"2021-09-08T11:54:58","slug":"programa-de-incubacao-cruzada-virtual-de-startups-brasil-africa-do-sul-divulga-empreendimentos-selecionados-2","status":"publish","type":"post","link":"https:\/\/anprotec.org.br\/site\/2021\/09\/programa-de-incubacao-cruzada-virtual-de-startups-brasil-africa-do-sul-divulga-empreendimentos-selecionados-2\/","title":{"rendered":"Programa de Incuba\u00e7\u00e3o Cruzada Virtual de startups Brasil-\u00c1frica do Sul divulga os ambientes brasileiros selecionados"},"content":{"rendered":"<p><img decoding=\"async\" loading=\"lazy\" class=\"wp-image-38304 size-full aligncenter\" src=\"https:\/\/anprotec.org.br\/site\/wp-content\/uploads\/2021\/09\/Empreendimento_Prancheta-1-co\u0301pia.jpg\" alt=\"\" width=\"801\" height=\"801\" srcset=\"https:\/\/anprotec.org.br\/site\/wp-content\/uploads\/2021\/09\/Empreendimento_Prancheta-1-co\u0301pia.jpg 801w, https:\/\/anprotec.org.br\/site\/wp-content\/uploads\/2021\/09\/Empreendimento_Prancheta-1-co\u0301pia-300x300.jpg 300w, https:\/\/anprotec.org.br\/site\/wp-content\/uploads\/2021\/09\/Empreendimento_Prancheta-1-co\u0301pia-768x768.jpg 768w, https:\/\/anprotec.org.br\/site\/wp-content\/uploads\/2021\/09\/Empreendimento_Prancheta-1-co\u0301pia-146x146.jpg 146w, https:\/\/anprotec.org.br\/site\/wp-content\/uploads\/2021\/09\/Empreendimento_Prancheta-1-co\u0301pia-50x50.jpg 50w, https:\/\/anprotec.org.br\/site\/wp-content\/uploads\/2021\/09\/Empreendimento_Prancheta-1-co\u0301pia-75x75.jpg 75w, https:\/\/anprotec.org.br\/site\/wp-content\/uploads\/2021\/09\/Empreendimento_Prancheta-1-co\u0301pia-85x85.jpg 85w, https:\/\/anprotec.org.br\/site\/wp-content\/uploads\/2021\/09\/Empreendimento_Prancheta-1-co\u0301pia-80x80.jpg 80w\" sizes=\"(max-width: 801px) 100vw, 801px\" \/><\/p>\n<p><span style=\"font-weight: 400\">O Programa de Incuba\u00e7\u00e3o Cruzada Virtual de startups Brasil-\u00c1frica do Sul j\u00e1 tem os mecanismos brasileiros selecionados. Conforme previsto no edital, foram escolhidos dois ambientes, que receber\u00e3o os empreendimentos sul-africanos ao longo do programa.<\/span><\/p>\n<p><span style=\"font-weight: 400\">Os ambientes selecionados foram: a <\/span><a href=\"https:\/\/www.teccampos.com.br\/\"><span style=\"font-weight: 400\">Incubadora Tec Campos<\/span><\/a><span style=\"font-weight: 400\"> (Campos dos Goytacazes &#8211; RJ) e a <\/span><a href=\"http:\/\/www.centev.ufv.br\/incubadora\/pt-BR\/\"><span style=\"font-weight: 400\">Incubadora da Universidade Federal de Vi\u00e7osa<\/span><\/a><span style=\"font-weight: 400\"> (Vi\u00e7osa &#8211; MG). A previs\u00e3o \u00e9 que a imers\u00e3o das startups sul-africanas nos mecanismos brasileiros aconte\u00e7a no m\u00eas de novembro. Todo o programa ser\u00e1 realizado de maneira online.<\/span><\/p>\n<p><span style=\"font-weight: 400\">Todos os mecanismos inscritos foram contatados por e-mail com um feedback relacionado \u00e0 inscri\u00e7\u00e3o.<\/span><\/p>\n<p><span style=\"font-weight: 400\">O programa \u00e9 realizado em uma parceria entre a Embaixada do Brasil na \u00c1frica do Sul, a Associa\u00e7\u00e3o Nacional de Entidades Promotoras de Empreendimentos Inovadores (Anprotec), o Servi\u00e7o Brasileiro de Apoio \u00e0s Micro e Pequenas Empresas (SEBRAE), o Departamento de Ci\u00eancia e Inova\u00e7\u00e3o da \u00c1frica do Sul (DSI) e a Ag\u00eancia de Inova\u00e7\u00e3o Tecnol\u00f3gica da \u00c1frica do Sul (TIA), com o apoio do Programa de Diplomacia da Inova\u00e7\u00e3o do Minist\u00e9rio das Rela\u00e7\u00f5es Exteriores do Brasil.<\/span><\/p>\n<p>&nbsp;<\/p>\n","protected":false},"excerpt":{"rendered":"<p>O Programa de Incuba\u00e7\u00e3o Cruzada Virtual de startups Brasil-\u00c1frica do<span class=\"excerpt-hellip\"> [\u2026]<\/span><\/p>\n","protected":false},"author":8,"featured_media":38321,"comment_status":"closed","ping_status":"closed","sticky":false,"template":"","format":"standard","meta":{"footnotes":"","_links_to":"","_links_to_target":""},"categories":[3],"tags":[],"calendar":[],"_links":{"self":[{"href":"https:\/\/anprotec.org.br\/site\/wp-json\/wp\/v2\/posts\/38302"}],"collection":[{"href":"https:\/\/anprotec.org.br\/site\/wp-json\/wp\/v2\/posts"}],"about":[{"href":"https:\/\/anprotec.org.br\/site\/wp-json\/wp\/v2\/types\/post"}],"author":[{"embeddable":true,"href":"https:\/\/anprotec.org.br\/site\/wp-json\/wp\/v2\/users\/8"}],"replies":[{"embeddable":true,"href":"https:\/\/anprotec.org.br\/site\/wp-json\/wp\/v2\/comments?post=38302"}],"version-history":[{"count":2,"href":"https:\/\/anprotec.org.br\/site\/wp-json\/wp\/v2\/posts\/38302\/revisions"}],"predecessor-version":[{"id":38322,"href":"https:\/\/anprotec.org.br\/site\/wp-json\/wp\/v2\/posts\/38302\/revisions\/38322"}],"wp:featuredmedia":[{"embeddable":true,"href":"https:\/\/anprotec.org.br\/site\/wp-json\/wp\/v2\/media\/38321"}],"wp:attachment":[{"href":"https:\/\/anprotec.org.br\/site\/wp-json\/wp\/v2\/media?parent=38302"}],"wp:term":[{"taxonomy":"category","embeddable":true,"href":"https:\/\/anprotec.org.br\/site\/wp-json\/wp\/v2\/categories?post=38302"},{"taxonomy":"post_tag","embeddable":true,"href":"https:\/\/anprotec.org.br\/site\/wp-json\/wp\/v2\/tags?post=38302"},{"taxonomy":"calendar","embeddable":true,"href":"https:\/\/anprotec.org.br\/site\/wp-json\/wp\/v2\/calendar?post=38302"}],"curies":[{"name":"wp","href":"https:\/\/api.w.org\/{rel}","templated":true}]}}