{"id":38283,"date":"2021-09-03T15:20:59","date_gmt":"2021-09-03T18:20:59","guid":{"rendered":"https:\/\/anprotec.org.br\/site\/?p=38283"},"modified":"2025-02-25T17:12:42","modified_gmt":"2025-02-25T20:12:42","slug":"inscricoes-abertas-para-a-11a-edicao-do-evento-techdemoday-promovido-pela-la-salle-technova","status":"publish","type":"post","link":"https:\/\/anprotec.org.br\/site\/2021\/09\/inscricoes-abertas-para-a-11a-edicao-do-evento-techdemoday-promovido-pela-la-salle-technova\/","title":{"rendered":"Inscri\u00e7\u00f5es abertas para a 11\u00aa edi\u00e7\u00e3o do evento TechDemoDay, promovido pela La Salle Technova\u00a0"},"content":{"rendered":"<p><span style=\"font-weight: 400\"><img decoding=\"async\" loading=\"lazy\" class=\"wp-image-38285 alignleft\" src=\"https:\/\/anprotec.org.br\/site\/wp-content\/uploads\/2021\/09\/TDD-METAMORFOSIS-EN-1.png\" alt=\"\" width=\"765\" height=\"306\" srcset=\"https:\/\/anprotec.org.br\/site\/wp-content\/uploads\/2021\/09\/TDD-METAMORFOSIS-EN-1.png 980w, https:\/\/anprotec.org.br\/site\/wp-content\/uploads\/2021\/09\/TDD-METAMORFOSIS-EN-1-300x120.png 300w, https:\/\/anprotec.org.br\/site\/wp-content\/uploads\/2021\/09\/TDD-METAMORFOSIS-EN-1-768x307.png 768w, https:\/\/anprotec.org.br\/site\/wp-content\/uploads\/2021\/09\/TDD-METAMORFOSIS-EN-1-260x104.png 260w, https:\/\/anprotec.org.br\/site\/wp-content\/uploads\/2021\/09\/TDD-METAMORFOSIS-EN-1-50x20.png 50w, https:\/\/anprotec.org.br\/site\/wp-content\/uploads\/2021\/09\/TDD-METAMORFOSIS-EN-1-150x60.png 150w\" sizes=\"(max-width: 765px) 100vw, 765px\" \/><\/span><\/p>\n<p><span style=\"font-weight: 400\">TDD4Future \u00e9 a vers\u00e3o h\u00edbrida do TechDemoDay da La Salle Technova,um evento anual que mostra as 50 melhores startups de base tecnol\u00f3gica para o ecossistema inovador. As startups selecionadas s\u00e3o colocadas em contato com investidores, grandes empresas, outras startups, estudantes e diferentes agentes.\u00a0<\/span><\/p>\n<p><span style=\"font-weight: 400\">O evento TechDemoDay \u00e9 uma plataforma que oferece oportunidades de neg\u00f3cios, visibilidade e networking para as startups. Al\u00e9m disso, os palestrantes principais refletem sobre t\u00f3picos de interesse para todo o ecossistema inovador.<\/span><\/p>\n<p><span style=\"font-weight: 400\">Nesta 11\u00aa edi\u00e7\u00e3o, em que a La Salle Technova comemora 20 anos, o tema do evento ser\u00e1 METAMORFOSE, demonstrando o processo ao longo do tempo de transforma\u00e7\u00e3o para atingir o mesmo objetivo: ser uma refer\u00eancia mundial em inova\u00e7\u00e3o de base tecnol\u00f3gica e empreendedorismo.<\/span><\/p>\n<p><span style=\"font-weight: 400\">As inscri\u00e7\u00f5es para a 11\u00aa edi\u00e7\u00e3o j\u00e1 est\u00e3o abertas, para mais informa\u00e7\u00f5es acesse: <\/span><a href=\"http:\/\/technovabarcelona.org\/en\/nosotros\/techdemoday2021\/\"><span style=\"font-weight: 400\">http:\/\/technovabarcelona.org\/en\/nosotros\/techdemoday2021\/<\/span><\/a><\/p>\n<p><span style=\"font-weight: 400\">A organizadora do evento, a La Salle Technova Barcelona \u00e9 um polo tecnol\u00f3gico que oferece servi\u00e7os de incuba\u00e7\u00e3o e acelera\u00e7\u00e3o de startups e faz parte do La Salle Campus Barcelona. O centro re\u00fane inova\u00e7\u00e3o, empreendedorismo e tecnologia, com o objetivo de apoiar startups, desde a concep\u00e7\u00e3o at\u00e9 o lan\u00e7amento no mercado, crescimento e consolida\u00e7\u00e3o.<\/span><\/p>\n","protected":false},"excerpt":{"rendered":"<p>TDD4Future \u00e9 a vers\u00e3o h\u00edbrida do TechDemoDay da La Salle<span class=\"excerpt-hellip\"> [\u2026]<\/span><\/p>\n","protected":false},"author":8,"featured_media":38284,"comment_status":"closed","ping_status":"closed","sticky":false,"template":"","format":"standard","meta":{"footnotes":"","_links_to":"","_links_to_target":""},"categories":[3,383],"tags":[],"calendar":[],"_links":{"self":[{"href":"https:\/\/anprotec.org.br\/site\/wp-json\/wp\/v2\/posts\/38283"}],"collection":[{"href":"https:\/\/anprotec.org.br\/site\/wp-json\/wp\/v2\/posts"}],"about":[{"href":"https:\/\/anprotec.org.br\/site\/wp-json\/wp\/v2\/types\/post"}],"author":[{"embeddable":true,"href":"https:\/\/anprotec.org.br\/site\/wp-json\/wp\/v2\/users\/8"}],"replies":[{"embeddable":true,"href":"https:\/\/anprotec.org.br\/site\/wp-json\/wp\/v2\/comments?post=38283"}],"version-history":[{"count":2,"href":"https:\/\/anprotec.org.br\/site\/wp-json\/wp\/v2\/posts\/38283\/revisions"}],"predecessor-version":[{"id":38290,"href":"https:\/\/anprotec.org.br\/site\/wp-json\/wp\/v2\/posts\/38283\/revisions\/38290"}],"wp:featuredmedia":[{"embeddable":true,"href":"https:\/\/anprotec.org.br\/site\/wp-json\/wp\/v2\/media\/38284"}],"wp:attachment":[{"href":"https:\/\/anprotec.org.br\/site\/wp-json\/wp\/v2\/media?parent=38283"}],"wp:term":[{"taxonomy":"category","embeddable":true,"href":"https:\/\/anprotec.org.br\/site\/wp-json\/wp\/v2\/categories?post=38283"},{"taxonomy":"post_tag","embeddable":true,"href":"https:\/\/anprotec.org.br\/site\/wp-json\/wp\/v2\/tags?post=38283"},{"taxonomy":"calendar","embeddable":true,"href":"https:\/\/anprotec.org.br\/site\/wp-json\/wp\/v2\/calendar?post=38283"}],"curies":[{"name":"wp","href":"https:\/\/api.w.org\/{rel}","templated":true}]}}