{"id":38257,"date":"2021-08-31T16:28:13","date_gmt":"2021-08-31T19:28:13","guid":{"rendered":"https:\/\/anprotec.org.br\/site\/?p=38257"},"modified":"2025-02-25T16:18:19","modified_gmt":"2025-02-25T19:18:19","slug":"ideiagov-abre-inscricoes-para-selecionar-empresas-que-apresentam-contribuicoes-para-problemas-climaticos","status":"publish","type":"post","link":"https:\/\/anprotec.org.br\/site\/2021\/08\/ideiagov-abre-inscricoes-para-selecionar-empresas-que-apresentam-contribuicoes-para-problemas-climaticos\/","title":{"rendered":"IdeiaGov abre inscri\u00e7\u00f5es para selecionar empresas que apresentam contribui\u00e7\u00f5es para problemas clim\u00e1ticos"},"content":{"rendered":"<p><img decoding=\"async\" loading=\"lazy\" class=\"size-large wp-image-38262 aligncenter\" src=\"https:\/\/anprotec.org.br\/site\/wp-content\/uploads\/2021\/08\/NETZERO2050-1-824x1024.png\" alt=\"\" width=\"824\" height=\"1024\" srcset=\"https:\/\/anprotec.org.br\/site\/wp-content\/uploads\/2021\/08\/NETZERO2050-1-824x1024.png 824w, https:\/\/anprotec.org.br\/site\/wp-content\/uploads\/2021\/08\/NETZERO2050-1-241x300.png 241w, https:\/\/anprotec.org.br\/site\/wp-content\/uploads\/2021\/08\/NETZERO2050-1-768x955.png 768w, https:\/\/anprotec.org.br\/site\/wp-content\/uploads\/2021\/08\/NETZERO2050-1-117x146.png 117w, https:\/\/anprotec.org.br\/site\/wp-content\/uploads\/2021\/08\/NETZERO2050-1-40x50.png 40w, https:\/\/anprotec.org.br\/site\/wp-content\/uploads\/2021\/08\/NETZERO2050-1-60x75.png 60w, https:\/\/anprotec.org.br\/site\/wp-content\/uploads\/2021\/08\/NETZERO2050-1.png 1110w\" sizes=\"(max-width: 824px) 100vw, 824px\" \/><\/p>\n<p>&nbsp;<\/p>\n<p><span style=\"font-weight: 400\">O hub de inova\u00e7\u00e3o do Governo do estado de S\u00e3o Paulo, IdeiaGov, acaba de anunciar o\u00a0 lan\u00e7amento da segunda edi\u00e7\u00e3o de seu programa de acelera\u00e7\u00e3o. O programa visa fomentar a inova\u00e7\u00e3o social por meio\u00a0 do incentivo direto a Neg\u00f3cios de Impacto que foram modelos de neg\u00f3cio. Al\u00e9m de promover solu\u00e7\u00f5es inovadoras aos desafios elencados pela Secretaria de Infraestrutura e Meio Ambiente (SIMA) do Governo do Estado de S\u00e3o Paulo em fun\u00e7\u00e3o da pauta de mudan\u00e7as clim\u00e1ticas.<\/span><\/p>\n<p><span style=\"font-weight: 400\">As empresas selecionadas dever\u00e3o se propor a resolver quatro desafios: redu\u00e7\u00e3o das emiss\u00f5es de gases do efeito estufa; mudan\u00e7a da matriz energ\u00e9tica; mobilidade e combust\u00edveis sustent\u00e1veis; e cidades resilientes.\u00a0<\/span><\/p>\n<p><span style=\"font-weight: 400\">Durante 3 meses, 20 neg\u00f3cios de impacto da Am\u00e9rica Latina ir\u00e3o trabalhar para o desenvolvimento de suas solu\u00e7\u00f5es a partir de mentorias e conex\u00f5es com importantes atores do Brasil e do Reino Unido.\u00a0<\/span><\/p>\n<p><span style=\"font-weight: 400\">Por meio da iniciativa, os participantes poder\u00e3o aprimorar suas solu\u00e7\u00f5es e, de quebra, se aproximar de investidores, governos e organiza\u00e7\u00f5es setoriais.\u00a0<\/span><\/p>\n<p><span style=\"font-weight: 400\">As inscri\u00e7\u00f5es s\u00e3o gratuitas e v\u00e3o at\u00e9 o dia 9 de setembro.<\/span><\/p>\n<p><span style=\"font-weight: 400\">Confira mais detalhes sobre no <\/span><a href=\"https:\/\/ideiagov.sp.gov.br\/programa-de-aceleracao-net-zero-2050\/\"><span style=\"font-weight: 400\">link<\/span><\/a><\/p>\n","protected":false},"excerpt":{"rendered":"<p>&nbsp; O hub de inova\u00e7\u00e3o do Governo do estado de<span class=\"excerpt-hellip\"> [\u2026]<\/span><\/p>\n","protected":false},"author":8,"featured_media":38259,"comment_status":"closed","ping_status":"closed","sticky":false,"template":"","format":"standard","meta":{"footnotes":"","_links_to":"","_links_to_target":""},"categories":[3,383],"tags":[],"calendar":[],"_links":{"self":[{"href":"https:\/\/anprotec.org.br\/site\/wp-json\/wp\/v2\/posts\/38257"}],"collection":[{"href":"https:\/\/anprotec.org.br\/site\/wp-json\/wp\/v2\/posts"}],"about":[{"href":"https:\/\/anprotec.org.br\/site\/wp-json\/wp\/v2\/types\/post"}],"author":[{"embeddable":true,"href":"https:\/\/anprotec.org.br\/site\/wp-json\/wp\/v2\/users\/8"}],"replies":[{"embeddable":true,"href":"https:\/\/anprotec.org.br\/site\/wp-json\/wp\/v2\/comments?post=38257"}],"version-history":[{"count":2,"href":"https:\/\/anprotec.org.br\/site\/wp-json\/wp\/v2\/posts\/38257\/revisions"}],"predecessor-version":[{"id":38264,"href":"https:\/\/anprotec.org.br\/site\/wp-json\/wp\/v2\/posts\/38257\/revisions\/38264"}],"wp:featuredmedia":[{"embeddable":true,"href":"https:\/\/anprotec.org.br\/site\/wp-json\/wp\/v2\/media\/38259"}],"wp:attachment":[{"href":"https:\/\/anprotec.org.br\/site\/wp-json\/wp\/v2\/media?parent=38257"}],"wp:term":[{"taxonomy":"category","embeddable":true,"href":"https:\/\/anprotec.org.br\/site\/wp-json\/wp\/v2\/categories?post=38257"},{"taxonomy":"post_tag","embeddable":true,"href":"https:\/\/anprotec.org.br\/site\/wp-json\/wp\/v2\/tags?post=38257"},{"taxonomy":"calendar","embeddable":true,"href":"https:\/\/anprotec.org.br\/site\/wp-json\/wp\/v2\/calendar?post=38257"}],"curies":[{"name":"wp","href":"https:\/\/api.w.org\/{rel}","templated":true}]}}