{"id":38241,"date":"2021-08-30T17:24:18","date_gmt":"2021-08-30T20:24:18","guid":{"rendered":"https:\/\/anprotec.org.br\/site\/?p=38241"},"modified":"2025-02-25T16:20:05","modified_gmt":"2025-02-25T19:20:05","slug":"inscricoes-abertas-para-a-6o-turma-do-programa-de-aceleracao-do-brazillab","status":"publish","type":"post","link":"https:\/\/anprotec.org.br\/site\/2021\/08\/inscricoes-abertas-para-a-6o-turma-do-programa-de-aceleracao-do-brazillab\/","title":{"rendered":"Inscri\u00e7\u00f5es abertas para a 6\u00ba Turma do Programa de Acelera\u00e7\u00e3o do BrazilLAB"},"content":{"rendered":"<p><img decoding=\"async\" loading=\"lazy\" class=\"wp-image-38244 alignleft\" src=\"https:\/\/anprotec.org.br\/site\/wp-content\/uploads\/2021\/08\/Arte-gen\u00e9rica-1024x1024.png\" alt=\"\" width=\"598\" height=\"598\" srcset=\"https:\/\/anprotec.org.br\/site\/wp-content\/uploads\/2021\/08\/Arte-gen\u00e9rica-1024x1024.png 1024w, https:\/\/anprotec.org.br\/site\/wp-content\/uploads\/2021\/08\/Arte-gen\u00e9rica-300x300.png 300w, https:\/\/anprotec.org.br\/site\/wp-content\/uploads\/2021\/08\/Arte-gen\u00e9rica-768x768.png 768w, https:\/\/anprotec.org.br\/site\/wp-content\/uploads\/2021\/08\/Arte-gen\u00e9rica-146x146.png 146w, https:\/\/anprotec.org.br\/site\/wp-content\/uploads\/2021\/08\/Arte-gen\u00e9rica-50x50.png 50w, https:\/\/anprotec.org.br\/site\/wp-content\/uploads\/2021\/08\/Arte-gen\u00e9rica-75x75.png 75w, https:\/\/anprotec.org.br\/site\/wp-content\/uploads\/2021\/08\/Arte-gen\u00e9rica-85x85.png 85w, https:\/\/anprotec.org.br\/site\/wp-content\/uploads\/2021\/08\/Arte-gen\u00e9rica-80x80.png 80w, https:\/\/anprotec.org.br\/site\/wp-content\/uploads\/2021\/08\/Arte-gen\u00e9rica.png 1080w\" sizes=\"(max-width: 598px) 100vw, 598px\" \/><\/p>\n<p><span style=\"font-weight: 400\">O BrazilLAB, primeiro hub de inova\u00e7\u00e3o no Brasil que conecta solu\u00e7\u00f5es de empreendedores com os desafios do Poder P\u00fablico, abriu inscri\u00e7\u00f5es para a Turma 6 do Programa de Acelera\u00e7\u00e3o. Nessa edi\u00e7\u00e3o, o Programa busca startups e PMEs que ofere\u00e7am solu\u00e7\u00f5es para os desafios enfrentados nas vertentes Inova\u00e7\u00e3o em LegisTech, Cidades Inteligentes e Sustentabilidade e Digitaliza\u00e7\u00e3o de Servi\u00e7os P\u00fablicos e Inclus\u00e3o Produtiva.0<\/span><\/p>\n<p><span style=\"font-weight: 400\">A Acelera\u00e7\u00e3o do BrazilLAB \u00e9 um programa de desenvolvimento\u00a0 e conex\u00e3o com o objetivo de validar, adaptar, aprimorar e promover solu\u00e7\u00f5es de startups ou pequenas e m\u00e9dias empresas (PMEs) que possuem potencial para resolver problemas p\u00fablicos de maneira inovadora e disruptiva, com uso de tecnologia, colaborando para a inova\u00e7\u00e3o e melhoria do Poder P\u00fablico brasileiro e, consequentemente, da qualidade de vida da popula\u00e7\u00e3o.\u00a0<\/span><\/p>\n<p><span style=\"font-weight: 400\">O objetivo final do Programa de Acelera\u00e7\u00e3o \u00e9 que os participantes aprimorem suas capacidades e estrat\u00e9gias para desenvolver parcerias com o Poder P\u00fablico, ampliando seus conhecimentos em GovTech, como sua rede de relacionamentos, com base na metodologia exclusiva do BrazilLAB.<\/span><\/p>\n<p><span style=\"font-weight: 400\">As solu\u00e7\u00f5es selecionadas passar\u00e3o por m\u00f3dulos de aperfei\u00e7oamento em tem\u00e1ticas estrat\u00e9gicas no ecossistema GovTech, ter\u00e3o mentorias individuais e coletivas, receber\u00e3o benef\u00edcios exclusivos oferecidos pela rede BrazilLAB e o melhor: acesso a muito networking. Al\u00e9m de tudo isso, haver\u00e1 premia\u00e7\u00e3o para os tr\u00eas primeiros colocados no DemoDay!<\/span><\/p>\n<p><span style=\"font-weight: 400\">O Programa \u00e9 totalmente gratuito, <\/span><i><span style=\"font-weight: 400\">equity free<\/span><\/i><span style=\"font-weight: 400\">, e as inscri\u00e7\u00f5es se encerram em 20\/09\/2021.<\/span><\/p>\n<p><span style=\"font-weight: 400\">Saiba mais sobre a acelera\u00e7\u00e3o, os desafios, os benef\u00edcios e crit\u00e9rios de inscri\u00e7\u00f5es em: <\/span><a href=\"https:\/\/aceleracao.brazillab.org.br\/\"><span style=\"font-weight: 400\">https:\/\/aceleracao.brazillab.org.br\/<\/span><\/a><\/p>\n<p>&nbsp;<\/p>\n","protected":false},"excerpt":{"rendered":"<p>O BrazilLAB, primeiro hub de inova\u00e7\u00e3o no Brasil que conecta<span class=\"excerpt-hellip\"> [\u2026]<\/span><\/p>\n","protected":false},"author":8,"featured_media":38242,"comment_status":"closed","ping_status":"closed","sticky":false,"template":"","format":"standard","meta":{"footnotes":"","_links_to":"","_links_to_target":""},"categories":[3,383],"tags":[],"calendar":[],"_links":{"self":[{"href":"https:\/\/anprotec.org.br\/site\/wp-json\/wp\/v2\/posts\/38241"}],"collection":[{"href":"https:\/\/anprotec.org.br\/site\/wp-json\/wp\/v2\/posts"}],"about":[{"href":"https:\/\/anprotec.org.br\/site\/wp-json\/wp\/v2\/types\/post"}],"author":[{"embeddable":true,"href":"https:\/\/anprotec.org.br\/site\/wp-json\/wp\/v2\/users\/8"}],"replies":[{"embeddable":true,"href":"https:\/\/anprotec.org.br\/site\/wp-json\/wp\/v2\/comments?post=38241"}],"version-history":[{"count":3,"href":"https:\/\/anprotec.org.br\/site\/wp-json\/wp\/v2\/posts\/38241\/revisions"}],"predecessor-version":[{"id":38248,"href":"https:\/\/anprotec.org.br\/site\/wp-json\/wp\/v2\/posts\/38241\/revisions\/38248"}],"wp:featuredmedia":[{"embeddable":true,"href":"https:\/\/anprotec.org.br\/site\/wp-json\/wp\/v2\/media\/38242"}],"wp:attachment":[{"href":"https:\/\/anprotec.org.br\/site\/wp-json\/wp\/v2\/media?parent=38241"}],"wp:term":[{"taxonomy":"category","embeddable":true,"href":"https:\/\/anprotec.org.br\/site\/wp-json\/wp\/v2\/categories?post=38241"},{"taxonomy":"post_tag","embeddable":true,"href":"https:\/\/anprotec.org.br\/site\/wp-json\/wp\/v2\/tags?post=38241"},{"taxonomy":"calendar","embeddable":true,"href":"https:\/\/anprotec.org.br\/site\/wp-json\/wp\/v2\/calendar?post=38241"}],"curies":[{"name":"wp","href":"https:\/\/api.w.org\/{rel}","templated":true}]}}