{"id":37855,"date":"2021-07-29T09:59:16","date_gmt":"2021-07-29T12:59:16","guid":{"rendered":"https:\/\/anprotec.org.br\/site\/?p=37855"},"modified":"2021-07-29T09:59:16","modified_gmt":"2021-07-29T12:59:16","slug":"o-grande-vagalume","status":"publish","type":"post","link":"https:\/\/anprotec.org.br\/site\/2021\/07\/o-grande-vagalume\/","title":{"rendered":"O grande vagalume"},"content":{"rendered":"<div class=\"elementor-element elementor-element-85770c3 elementor-widget elementor-widget-theme-post-excerpt\" data-id=\"85770c3\">\n<div class=\"elementor-widget-container\"><img decoding=\"async\" loading=\"lazy\" class=\"size-full wp-image-37856 alignleft\" src=\"https:\/\/anprotec.org.br\/site\/wp-content\/uploads\/2021\/07\/Cnpq.png\" alt=\"\" width=\"370\" height=\"235\" srcset=\"https:\/\/anprotec.org.br\/site\/wp-content\/uploads\/2021\/07\/Cnpq.png 370w, https:\/\/anprotec.org.br\/site\/wp-content\/uploads\/2021\/07\/Cnpq-300x191.png 300w, https:\/\/anprotec.org.br\/site\/wp-content\/uploads\/2021\/07\/Cnpq-230x146.png 230w, https:\/\/anprotec.org.br\/site\/wp-content\/uploads\/2021\/07\/Cnpq-50x32.png 50w, https:\/\/anprotec.org.br\/site\/wp-content\/uploads\/2021\/07\/Cnpq-118x75.png 118w\" sizes=\"(max-width: 370px) 100vw, 370px\" \/><em>O excesso de improviso na gest\u00e3o p\u00fablica federal, acrescido pelo descaso com a ci\u00eancia e a educa\u00e7\u00e3o, \u00e9 a \u00fanica explica\u00e7\u00e3o razo\u00e1vel para a atual situa\u00e7\u00e3o do CNPq<\/em><\/div>\n<\/div>\n<div class=\"elementor-element elementor-element-c3bafd6 elementor-widget elementor-widget-text-editor\" data-id=\"c3bafd6\">\n<div class=\"elementor-widget-container\">\n<p>Os especialistas ensinam que planejamento \u00e9 o contr\u00e1rio de improviso. Fora do planejamento, tudo \u00e9 aventura. No planejamento, constru\u00edmos futuros. No improviso, somos arrastados pelas circunst\u00e2ncias: o destino \u00e9 um lugar que nunca chega e o longo prazo n\u00e3o resiste a um vento forte. No improviso, \u00e9 um salve-se quem puder a cada instante, e o futuro \u00e9 mat\u00e9ria de arrivistas.<\/p>\n<p>No passado, os navegadores eram mais prudentes. Al\u00e9m dos instrumentos e cartas n\u00e1uticas, carregavam qualquer informa\u00e7\u00e3o que pudesse ajudar na miss\u00e3o. Muito apreciadas eram as instru\u00e7\u00f5es de outros que haviam feito percurso similar. Cabral \u00e9 um exemplo de que isso funciona.<\/p>\n<p>Restou pouca coisa dessa expedi\u00e7\u00e3o. Um desses salvados \u00e9 a deliciosa carta de Caminha. Outro, s\u00e3o as orienta\u00e7\u00f5es fornecidas por Vasco da Gama, que tinha acabado de retornar do oriente e conhecia o regime das \u00e1guas e dos ventos do mar oceano.<\/p>\n<p>O marinheiro magistral registrou que, para contornar o continente africano, era recomend\u00e1vel fazer a\u00a0<em>volta do mar<\/em>, se afastar da costa na dire\u00e7\u00e3o do que veio a ser mais tarde o\u00a0<a href=\"https:\/\/canalmynews.com.br\/tag\/brasil\" target=\"_blank\" rel=\"noreferrer noopener\">Brasil<\/a>\u00a0\u2013 precisamente a 600 l\u00e9guas do litoral sul da Bahia \u2013 e s\u00f3 depois ent\u00e3o apontar para o Cabo da Boa Esperan\u00e7a. Essa \u00e9 uma das explica\u00e7\u00f5es poss\u00edveis para a tranquilidade que foi o \u201cachamento\u201d do nosso pa\u00eds.<\/p>\n<p>Acontece que, depois de achado, o Brasil vez por outra d\u00e1 um perdido nele mesmo por falta de quem pegue o leme com conhecimento de causa. Construir um pa\u00eds sem\u00a0<a href=\"https:\/\/canalmynews.com.br\/tag\/educacao\/\" target=\"_blank\" rel=\"noreferrer noopener\">educa\u00e7\u00e3o<\/a>\u00a0e ci\u00eancia \u00e9 como navegar sem piloto e instrumentos. Parado, no porto, voc\u00ea at\u00e9 sabe onde est\u00e1. Mas no mar aberto, fica a crit\u00e9rio das ondas. Boiando feito balsa n\u2019agua.<\/p>\n<p>O excesso de improviso na gest\u00e3o p\u00fablica federal, o descaso com a ci\u00eancia e o descompromisso com o pa\u00eds s\u00e3o a \u00fanica explica\u00e7\u00e3o razo\u00e1vel para a situa\u00e7\u00e3o atual do CNPq \u2013 Conselho Nacional de Desenvolvimento Cient\u00edfico e Tecnol\u00f3gico \u2013, ag\u00eancia que h\u00e1 70 anos suporta a pesquisa e forma\u00e7\u00e3o de cientistas, pesquisadores, tecn\u00f3logos, professores de p\u00f3s-gradua\u00e7\u00e3o. De bolsas de inicia\u00e7\u00e3o cient\u00edfica at\u00e9 pesquisas avan\u00e7adas sobre qualquer coisa, quase tudo tem o dedo do CNPq.<\/p>\n<p>Quem vem acompanhando o calv\u00e1rio do sistema nacional de ci\u00eancia,\u00a0<a href=\"https:\/\/canalmynews.com.br\/tag\/tecnologia\/\" target=\"_blank\" rel=\"noreferrer noopener\">tecnologia<\/a>\u00a0e inova\u00e7\u00e3o teve, essa semana, mais um choque. Previs\u00edvel, ali\u00e1s. A precariza\u00e7\u00e3o acelerada do CNPq acaba de evaporar \u2013 roga-se para que exista backup de tudo! Os dados de uma centena de milhares de pesquisadores brasileiros e colaboradores estrangeiros cujos hist\u00f3ricos de estudos, publica\u00e7\u00f5es cient\u00edficas, grupos de pesquisa, projetos e curr\u00edculos, entre outros, est\u00e3o registrados em um complexo de\u00a0<strong>sistemas indispon\u00edveis\u00a0<\/strong>h\u00e1 5 dias. E sem previs\u00e3o de retorno.<\/p>\n<p>Problemas de acesso j\u00e1 v\u00eam sendo reportados h\u00e1 mais de um m\u00eas pelos usu\u00e1rios. Sistemas d\u00e3o tilt. Justo por isso, quanto mais cr\u00edticas as informa\u00e7\u00f5es, mais seguros e controlados devem ser os ambientes onde operam. Redund\u00e2ncia \u00e9 o b\u00e1sico nessa arquitetura. Mas, a julgar pelas quantidades de posts nas redes sociais e grupos de WhatsApp, em que profissionais do pr\u00f3prio CNPq e institui\u00e7\u00f5es conexas pedem socorro externo, de servidor de backup a apoio t\u00e9cnico, a coisa parece ser muito s\u00e9ria.<\/p>\n<p>O CNPq informou nas m\u00eddias que est\u00e1 tomando as medidas necess\u00e1rias, e assegura que disp\u00f5e de novos equipamentos de TI, tendo a migra\u00e7\u00e3o dos dados sido iniciada antes do ocorrido. Respostas vagas assim aumentam a apreens\u00e3o e desconfian\u00e7a quanto ao que verdadeiramente importa: a capacidade do \u00f3rg\u00e3o de promover a recupera\u00e7\u00e3o integral dos dados. Sem abrir o jogo, o MCTIC e a Ag\u00eancia passam a ideia de que o buraco \u00e9 mais fundo.<\/p>\n<p>E \u00e9 mesmo, ainda que tudo d\u00ea certo nesse assunto.<\/p>\n<p>Agora \u00e9 esperar o pr\u00f3ximo servi\u00e7o p\u00fablico que vai colapsar. O pa\u00eds dos apag\u00f5es est\u00e1 se tornando uma gigantesca nuvem de vagalumes.<\/p>\n<p>Autor: Francisco Saboya &#8211; Presidente da Anprotec<\/p>\n<p>Fonte: <a href=\"https:\/\/canalmynews.com.br\/francisco-saboya\/o-grande-vagalume\/\">Canal MyNews<\/a><\/p>\n<\/div>\n<\/div>\n","protected":false},"excerpt":{"rendered":"<p>O excesso de improviso na gest\u00e3o p\u00fablica federal, acrescido pelo<span class=\"excerpt-hellip\"> [\u2026]<\/span><\/p>\n","protected":false},"author":8,"featured_media":37856,"comment_status":"closed","ping_status":"closed","sticky":false,"template":"","format":"standard","meta":{"footnotes":"","_links_to":"","_links_to_target":""},"categories":[3],"tags":[],"calendar":[],"_links":{"self":[{"href":"https:\/\/anprotec.org.br\/site\/wp-json\/wp\/v2\/posts\/37855"}],"collection":[{"href":"https:\/\/anprotec.org.br\/site\/wp-json\/wp\/v2\/posts"}],"about":[{"href":"https:\/\/anprotec.org.br\/site\/wp-json\/wp\/v2\/types\/post"}],"author":[{"embeddable":true,"href":"https:\/\/anprotec.org.br\/site\/wp-json\/wp\/v2\/users\/8"}],"replies":[{"embeddable":true,"href":"https:\/\/anprotec.org.br\/site\/wp-json\/wp\/v2\/comments?post=37855"}],"version-history":[{"count":1,"href":"https:\/\/anprotec.org.br\/site\/wp-json\/wp\/v2\/posts\/37855\/revisions"}],"predecessor-version":[{"id":37857,"href":"https:\/\/anprotec.org.br\/site\/wp-json\/wp\/v2\/posts\/37855\/revisions\/37857"}],"wp:featuredmedia":[{"embeddable":true,"href":"https:\/\/anprotec.org.br\/site\/wp-json\/wp\/v2\/media\/37856"}],"wp:attachment":[{"href":"https:\/\/anprotec.org.br\/site\/wp-json\/wp\/v2\/media?parent=37855"}],"wp:term":[{"taxonomy":"category","embeddable":true,"href":"https:\/\/anprotec.org.br\/site\/wp-json\/wp\/v2\/categories?post=37855"},{"taxonomy":"post_tag","embeddable":true,"href":"https:\/\/anprotec.org.br\/site\/wp-json\/wp\/v2\/tags?post=37855"},{"taxonomy":"calendar","embeddable":true,"href":"https:\/\/anprotec.org.br\/site\/wp-json\/wp\/v2\/calendar?post=37855"}],"curies":[{"name":"wp","href":"https:\/\/api.w.org\/{rel}","templated":true}]}}