{"id":37848,"date":"2021-07-29T11:03:06","date_gmt":"2021-07-29T14:03:06","guid":{"rendered":"https:\/\/anprotec.org.br\/site\/?p=37848"},"modified":"2025-02-25T15:48:40","modified_gmt":"2025-02-25T18:48:40","slug":"programa-ideiaz-oferece-capacitacao-gratuita-para-mais-de-400-projetos-de-negocios-em-fase-de-ideacao","status":"publish","type":"post","link":"https:\/\/anprotec.org.br\/site\/2021\/07\/programa-ideiaz-oferece-capacitacao-gratuita-para-mais-de-400-projetos-de-negocios-em-fase-de-ideacao\/","title":{"rendered":"Programa Ideiaz oferece capacita\u00e7\u00e3o gratuita para mais de 400 projetos de neg\u00f3cios em fase de idea\u00e7\u00e3o"},"content":{"rendered":"<p><a href=\"https:\/\/www.inovativabrasil.com.br\/plataforma\/desafio\/36\"><img decoding=\"async\" loading=\"lazy\" class=\" wp-image-37849 aligncenter\" src=\"https:\/\/anprotec.org.br\/site\/wp-content\/uploads\/2021\/07\/Card2-1024x1024.png\" alt=\"\" width=\"699\" height=\"699\" srcset=\"https:\/\/anprotec.org.br\/site\/wp-content\/uploads\/2021\/07\/Card2-1024x1024.png 1024w, https:\/\/anprotec.org.br\/site\/wp-content\/uploads\/2021\/07\/Card2-300x300.png 300w, https:\/\/anprotec.org.br\/site\/wp-content\/uploads\/2021\/07\/Card2-768x768.png 768w, https:\/\/anprotec.org.br\/site\/wp-content\/uploads\/2021\/07\/Card2-1536x1536.png 1536w, https:\/\/anprotec.org.br\/site\/wp-content\/uploads\/2021\/07\/Card2.png 2048w, https:\/\/anprotec.org.br\/site\/wp-content\/uploads\/2021\/07\/Card2-146x146.png 146w, https:\/\/anprotec.org.br\/site\/wp-content\/uploads\/2021\/07\/Card2-50x50.png 50w, https:\/\/anprotec.org.br\/site\/wp-content\/uploads\/2021\/07\/Card2-75x75.png 75w, https:\/\/anprotec.org.br\/site\/wp-content\/uploads\/2021\/07\/Card2-85x85.png 85w, https:\/\/anprotec.org.br\/site\/wp-content\/uploads\/2021\/07\/Card2-80x80.png 80w\" sizes=\"(max-width: 699px) 100vw, 699px\" \/><\/a><\/p>\n<p><span style=\"font-weight: 400\">O Programa Ideiaz \u2013 Powered by InovAtiva abriu, nesta quinta-feira (29\/7), uma chamada p\u00fablica para selecionar at\u00e9 450 projetos em est\u00e1gio de idea\u00e7\u00e3o que ir\u00e3o receber capacita\u00e7\u00e3o empreendedora, mentorias e suporte tecnol\u00f3gico para desenvolver seus neg\u00f3cios. Os projetos selecionados ser\u00e3o atendidos gratuitamente\u00a0 pelas incubadoras e aceleradoras de todo o pa\u00eds credenciadas no Programa Ideiaz. As inscri\u00e7\u00f5es seguem abertas at\u00e9 o dia 23 de agosto.\u00a0<\/span><\/p>\n<p><span style=\"font-weight: 400\">Realizado pela Anprotec, o Sebrae e a Secretaria Especial de Produtividade e Competitividade do Minist\u00e9rio da Economia (Sepec\/ME), o Ideiaz Powered by InovAtiva visa atender em escala e com abrang\u00eancia nacional ideias e projetos de neg\u00f3cios inovadores e de impacto socioambiental em est\u00e1gio inicial de todas as regi\u00f5es do pa\u00eds.<\/span><\/p>\n<p><span style=\"font-weight: 400\">No primeiro semestre, o Ideiaz Powered by InovAtiva atendeu 153 projetos, em parceria com 15 incubadoras e aceleradoras de todas as regi\u00f5es do Brasil. A meta do programa \u00e9 oferecer suporte a projetos de todos os estados do pa\u00eds, garantindo, efetivamente, a democratiza\u00e7\u00e3o do atendimento e o alcance nacional.<\/span><\/p>\n<p><span style=\"font-weight: 400\">Entende-se por projetos em est\u00e1gio inicial aqueles que estejam na fase de cria\u00e7\u00e3o ou idea\u00e7\u00e3o, ou seja, cujo modelo de neg\u00f3cio n\u00e3o esteja consolidado e que o produto ou servi\u00e7o objeto do projeto ainda n\u00e3o tenha sido comercializado.<\/span><\/p>\n<p><span style=\"font-weight: 400\">As propostas ser\u00e3o avaliadas por um comit\u00ea de sele\u00e7\u00e3o composto por representantes do Sistema Sebrae, da Anprotec, da Sepec\/ME e de outros parceiros, como entidades de fomento e investidores, e especialistas do setor produtivo e da academia. A expectativa \u00e9 alcan\u00e7ar a marca de mil projetos atendidos durante todo o Programa.\u00a0<\/span><\/p>\n<p><span style=\"font-weight: 400\">\u201cO InovAtiva Brasil j\u00e1 acelerou mais de duas mil startups em 700 munic\u00edpios brasileiros. Com o Ideiaz Powered By InovAtiva, nossa meta \u00e9 apoiar projetos inovadores em est\u00e1gios iniciais, ainda na fase de ideias. Queremos tornar o Brasil um dos tr\u00eas principais ecossistemas de startups do mundo\u201d, explica o Secret\u00e1rio Especial de Produtividade e Competitividade do Minist\u00e9rio da Economia, Carlos Da Costa.<\/span><\/p>\n<p><span style=\"font-weight: 400\">Ao todo, ser\u00e3o investidos mais de R$ 40 milh\u00f5es em quatro anos no InovAtiva como um todo.<\/span><i><span style=\"font-weight: 400\">\u00a0\u00a0<\/span><\/i><\/p>\n<p><span style=\"font-weight: 400\">De acordo com a classifica\u00e7\u00e3o, \u00e1rea de atua\u00e7\u00e3o, localiza\u00e7\u00e3o geogr\u00e1fica e disponibilidade de vagas, cada projeto ser\u00e1 encaminhado para um atendimento de 10 semanas em uma das incubadoras ou aceleradoras credenciadas no Ideiaz.<\/span><\/p>\n<p><span style=\"font-weight: 400\">Os empreendimentos receber\u00e3o, no m\u00ednimo, 25 horas de apoio ao seu desenvolvimento, das quais ser\u00e3o, no m\u00ednimo, 15 horas de atendimento individualizado ao empreendimento, compreendendo os seguintes pontos, de acordo com o plano de atendimento do ambiente de inova\u00e7\u00e3o credenciado:<\/span><\/p>\n<ul>\n<li style=\"font-weight: 400\"><span style=\"font-weight: 400\">Atividades de mentoria;<\/span><\/li>\n<li style=\"font-weight: 400\"><span style=\"font-weight: 400\">Consultoria organizacional;<\/span><\/li>\n<li style=\"font-weight: 400\"><span style=\"font-weight: 400\">Suporte tecnol\u00f3gico;<\/span><\/li>\n<li style=\"font-weight: 400\"><span style=\"font-weight: 400\">Suporte para formaliza\u00e7\u00e3o do neg\u00f3cio;<\/span><\/li>\n<li style=\"font-weight: 400\"><span style=\"font-weight: 400\">Qualifica\u00e7\u00e3o empreendedora\u00a0<\/span><\/li>\n<\/ul>\n<p><span style=\"font-weight: 400\">&#8220;Mais uma vez, o programa Ideiaz se faz valer da infraestrutura, do conhecimento e da experi\u00eancia das incubadoras e aceleradoras do Brasil para apoiar o desenvolvimento e a consolida\u00e7\u00e3o de centenas de neg\u00f3cios inovadores em seu est\u00e1gio inicial. \u00c9 um programa nacional de grande escala que vai atender a todas as regi\u00f5es do pa\u00eds\u201d, afirma o presidente da Anprotec, Francisco Saboya.\u00a0<\/span><\/p>\n<p><span style=\"font-weight: 400\">Ap\u00f3s o processo de atendimento, os projetos apoiados devem apresentar os seguintes resultados m\u00ednimos:\u00a0<\/span><\/p>\n<ul>\n<li style=\"font-weight: 400\"><span style=\"font-weight: 400\">Modelo de neg\u00f3cios desenhado e validado;<\/span><\/li>\n<li style=\"font-weight: 400\"><span style=\"font-weight: 400\">Prot\u00f3tipo do produto ou servi\u00e7o desenvolvido e avaliado por clientes;<\/span><\/li>\n<li style=\"font-weight: 400\"><span style=\"font-weight: 400\">Pitch de venda e defesa do neg\u00f3cio pronto.<\/span><\/li>\n<\/ul>\n<p><span style=\"font-weight: 400\">A equipe do projeto dever\u00e1 dedicar conjuntamente, durante o per\u00edodo do atendimento, pelo menos 20h semanais de trabalho (a dedica\u00e7\u00e3o corresponde ao somat\u00f3rio de horas dedicadas pelos membros da equipe) para alcan\u00e7ar os resultados m\u00ednimos do projeto.<\/span><\/p>\n<p><span style=\"font-weight: 400\">&#8220;Por meio da operacionaliza\u00e7\u00e3o deste programa, seremos capazes de levar inova\u00e7\u00e3o e capacita\u00e7\u00e3o a diferentes ecossistemas brasileiros. Um trabalho que ser\u00e1 poss\u00edvel por meio da ativa\u00e7\u00e3o de uma rede de parceiros locais, com o fomento da gera\u00e7\u00e3o de empresas inovadoras, de empregos e de conhecimento\u201d, afirma o presidente do Sebrae, Carlos Melles.<\/span><\/p>\n<p><b>CRONOGRAMA<\/b><\/p>\n<p><b>Per\u00edodo de inscri\u00e7\u00e3o: <\/b><span style=\"font-weight: 400\">29\/07 a 23\/08<\/span><\/p>\n<p><b>Avalia\u00e7\u00e3o das propostas:<\/b><span style=\"font-weight: 400\"> 20\/08 a 24\/09<\/span><\/p>\n<p><b>Divulga\u00e7\u00e3o dos resultados: <\/b><span style=\"font-weight: 400\">27\/09<\/span><\/p>\n<p><b>Formaliza\u00e7\u00e3o da rela\u00e7\u00e3o entre ambientes e projetos: <\/b><span style=\"font-weight: 400\">28\/09 a 10\/10<\/span><\/p>\n<p><b>In\u00edcio do atendimento: <\/b><span style=\"font-weight: 400\">11\/10<\/span><\/p>\n<p><b>Atendimento aos projetos selecionados: <\/b><span style=\"font-weight: 400\">11\/10 a 17\/12<\/span><\/p>\n<p><b>Prazo final para a entrega dos resultados:<\/b><span style=\"font-weight: 400\"> 17\/12<\/span><\/p>\n<p><span style=\"font-weight: 400\">As d\u00favidas devem ser encaminhadas por e-mail: <\/span><a href=\"mailto:ideiaz@anprotec.org.br\"><span style=\"font-weight: 400\">ideiaz@anprotec.org.br<\/span><\/a><\/p>\n<p><a href=\"https:\/\/www.inovativabrasil.com.br\/plataforma\/desafio\/36\"><b>CLIQUE AQUI<\/b><span style=\"font-weight: 400\">,<\/span><\/a><span style=\"font-weight: 400\"> confira o edital completo e inscreva-se<\/span><span style=\"font-weight: 400\">.<\/span><\/p>\n","protected":false},"excerpt":{"rendered":"<p>O Programa Ideiaz \u2013 Powered by InovAtiva abriu, nesta quinta-feira<span class=\"excerpt-hellip\"> [\u2026]<\/span><\/p>\n","protected":false},"author":8,"featured_media":37850,"comment_status":"closed","ping_status":"closed","sticky":false,"template":"","format":"standard","meta":{"footnotes":"","_links_to":"","_links_to_target":""},"categories":[3,383],"tags":[],"calendar":[],"_links":{"self":[{"href":"https:\/\/anprotec.org.br\/site\/wp-json\/wp\/v2\/posts\/37848"}],"collection":[{"href":"https:\/\/anprotec.org.br\/site\/wp-json\/wp\/v2\/posts"}],"about":[{"href":"https:\/\/anprotec.org.br\/site\/wp-json\/wp\/v2\/types\/post"}],"author":[{"embeddable":true,"href":"https:\/\/anprotec.org.br\/site\/wp-json\/wp\/v2\/users\/8"}],"replies":[{"embeddable":true,"href":"https:\/\/anprotec.org.br\/site\/wp-json\/wp\/v2\/comments?post=37848"}],"version-history":[{"count":1,"href":"https:\/\/anprotec.org.br\/site\/wp-json\/wp\/v2\/posts\/37848\/revisions"}],"predecessor-version":[{"id":37851,"href":"https:\/\/anprotec.org.br\/site\/wp-json\/wp\/v2\/posts\/37848\/revisions\/37851"}],"wp:featuredmedia":[{"embeddable":true,"href":"https:\/\/anprotec.org.br\/site\/wp-json\/wp\/v2\/media\/37850"}],"wp:attachment":[{"href":"https:\/\/anprotec.org.br\/site\/wp-json\/wp\/v2\/media?parent=37848"}],"wp:term":[{"taxonomy":"category","embeddable":true,"href":"https:\/\/anprotec.org.br\/site\/wp-json\/wp\/v2\/categories?post=37848"},{"taxonomy":"post_tag","embeddable":true,"href":"https:\/\/anprotec.org.br\/site\/wp-json\/wp\/v2\/tags?post=37848"},{"taxonomy":"calendar","embeddable":true,"href":"https:\/\/anprotec.org.br\/site\/wp-json\/wp\/v2\/calendar?post=37848"}],"curies":[{"name":"wp","href":"https:\/\/api.w.org\/{rel}","templated":true}]}}