{"id":37740,"date":"2021-07-16T11:18:22","date_gmt":"2021-07-16T14:18:22","guid":{"rendered":"https:\/\/anprotec.org.br\/site\/?p=37740"},"modified":"2025-02-25T16:05:08","modified_gmt":"2025-02-25T19:05:08","slug":"biopark-abre-edital-para-programa-de-incubacao-com-aporte-de-r-2-mil-ao-mes-por-projeto","status":"publish","type":"post","link":"https:\/\/anprotec.org.br\/site\/2021\/07\/biopark-abre-edital-para-programa-de-incubacao-com-aporte-de-r-2-mil-ao-mes-por-projeto\/","title":{"rendered":"Biopark abre edital para programa de incuba\u00e7\u00e3o com aporte de R$ 2 mil ao m\u00eas por projeto"},"content":{"rendered":"<p><img decoding=\"async\" loading=\"lazy\" class=\"wp-image-37745 aligncenter\" src=\"https:\/\/anprotec.org.br\/site\/wp-content\/uploads\/2021\/07\/INCUBADORA-EMAIL-2-790x1024.jpg\" alt=\"\" width=\"502\" height=\"651\" srcset=\"https:\/\/anprotec.org.br\/site\/wp-content\/uploads\/2021\/07\/INCUBADORA-EMAIL-2-790x1024.jpg 790w, https:\/\/anprotec.org.br\/site\/wp-content\/uploads\/2021\/07\/INCUBADORA-EMAIL-2-231x300.jpg 231w, https:\/\/anprotec.org.br\/site\/wp-content\/uploads\/2021\/07\/INCUBADORA-EMAIL-2-768x996.jpg 768w, https:\/\/anprotec.org.br\/site\/wp-content\/uploads\/2021\/07\/INCUBADORA-EMAIL-2-113x146.jpg 113w, https:\/\/anprotec.org.br\/site\/wp-content\/uploads\/2021\/07\/INCUBADORA-EMAIL-2-39x50.jpg 39w, https:\/\/anprotec.org.br\/site\/wp-content\/uploads\/2021\/07\/INCUBADORA-EMAIL-2-58x75.jpg 58w, https:\/\/anprotec.org.br\/site\/wp-content\/uploads\/2021\/07\/INCUBADORA-EMAIL-2.jpg 987w\" sizes=\"(max-width: 502px) 100vw, 502px\" \/><\/p>\n<p>Com objetivo de\u00a0incentivar a cultura empreendedora no Brasil, gerando produtos e servi\u00e7os inovadores,\u00a0o Biopark &#8211; Parque Tecnol\u00f3gico localizado em Toledo, Oeste do Paran\u00e1, est\u00e1 com inscri\u00e7\u00f5es abertas para o processo seletivo de seu Programa de Incuba\u00e7\u00e3o, destinado a projetos que tenham base tecnol\u00f3gica.<\/p>\n<p>A finalidade do Programa \u00e9 desenvolver neg\u00f3cios em fase inicial de todo o pa\u00eds e que apresentem ideias pautadas pelos eixos da Tecnologia da Informa\u00e7\u00e3o, Agro e Sa\u00fade. Os selecionados receber\u00e3o aporte financeiro no valor de R$ 2 mil ao m\u00eas pelo per\u00edodo de seis meses, al\u00e9m de acompanhamento especializado para o desenvolvimento de produtos ou servi\u00e7os e estrutura\u00e7\u00e3o da empresa at\u00e9 as primeiras vendas. Ao todo ser\u00e3o selecionadas 15 iniciativas.<\/p>\n<p>De acordo com o diretor de neg\u00f3cios do Biopark, Paulo Victor Almeida, o que os motivou a lan\u00e7ar a incubadora foi o prop\u00f3sito de ajudar os empreendedores a se desenvolverem e expandirem seus respectivos mercados. \u201cNosso principal objetivo \u00e9 auxiliar os empreendedores para que eles faturem, tenham um produto ou servi\u00e7o, melhorem seus processos de gest\u00e3o e consigam ter mais sucesso em sua vida empreendedora\u201d, destaca.<\/p>\n<p>Ele ainda explica que a cria\u00e7\u00e3o da Incubadora partiu das necessidades mapeadas entre as mais de 120 empresas j\u00e1 instaladas no local. \u201cA rela\u00e7\u00e3o muito pr\u00f3xima com as empresas que entram no nosso ecossistema nos auxiliou na defini\u00e7\u00e3o de um programa espec\u00edfico para uma categoria que n\u00e3o tem um produto definido, ou que ainda n\u00e3o possui uma ideia pr\u00e1tica do que vai fazer\u201d.<\/p>\n<p>Para participar do processo seletivo, os interessados devem acessar o site\u00a0<a href=\"https:\/\/biopark.com.br\/incubadora\/\">www.biopark.com.br\/incubadora<\/a>, ler o edital e se inscrever at\u00e9 o dia 25 de julho. Um dos requisitos para as empresas selecionadas \u00e9 a disponibilidade de trabalhar presencialmente no Biopark.<\/p>\n<p><strong>Diferenciais\u00a0<\/strong><\/p>\n<p>Durante o per\u00edodo de incuba\u00e7\u00e3o, al\u00e9m do aporte financeiro, os selecionados participar\u00e3o de mentorias de gest\u00e3o e t\u00e9cnicas,\u00a0com o acompanhamento do \u2018mentor-padrinho\u2019,\u00a0que dedicar\u00e1 seu tempo para auxili\u00e1-los no seu processo de desenvolvimento, ajudando-os a identificar as necessidades; ainda contar\u00e3o com acesso ao ecossistema de inova\u00e7\u00e3o do Biopark, que propicia\u00a0<i>networking<\/i>\u00a0com empresas residentes e universidades.<\/p>\n<p>Os empreendedores participantes do programa tamb\u00e9m se beneficiar\u00e3o com uma infraestrutura completamente gratuita e com acesso a espa\u00e7os com salas de treinamentos, aula e reuni\u00f5es, biblioteca, laborat\u00f3rios de pesquisa e audit\u00f3rio. Ainda, ter\u00e3o seus projetos divulgados no site e m\u00eddias sociais do Biopark.<\/p>\n<p>A incubadora tamb\u00e9m conta com a participa\u00e7\u00e3o do Sebrae. \u201cQuando uma empresa nasce, \u00e9 necess\u00e1rio um acompanhamento integral e direto para que se desenvolva, e \u00e9 isso que uma incubadora faz. Estamos comprometidos com o crescimento dos neg\u00f3cios dessas empresas e com os empreendedores\u201d, explica Alan Debus, consultor do Sebrae PR. Por meio da parceria, as empresas incubadas participar\u00e3o de treinamentos imersivos, workshops de modelagem de neg\u00f3cios, contato com metodologias \u00e1geis, e por \u00faltimo o Demoday, que \u00e9 a apresenta\u00e7\u00e3o final do produto para o mercado.<\/p>\n<p><strong>Servi\u00e7o<\/strong><\/p>\n<p><strong>Per\u00edodo de inscri\u00e7\u00e3o:\u00a0<\/strong>de 07 de julho a 25 de julho de 2021.<\/p>\n<p><strong>Site<\/strong>:\u00a0<a href=\"https:\/\/biopark.com.br\/incubadora\/\">www.biopark.com.br\/incubadora<\/a><\/p>\n<p><strong>Outras informa\u00e7\u00f5es<\/strong>: (45) 99117 8375 (WhatsApp) ou (45) 2036 3615 (WhatsApp)<\/p>\n<p>&nbsp;<\/p>\n<p>&nbsp;<\/p>\n<p>&nbsp;<\/p>\n<p>&nbsp;<\/p>\n","protected":false},"excerpt":{"rendered":"<p>Com objetivo de\u00a0incentivar a cultura empreendedora no Brasil, gerando produtos<span class=\"excerpt-hellip\"> [\u2026]<\/span><\/p>\n","protected":false},"author":8,"featured_media":37747,"comment_status":"closed","ping_status":"closed","sticky":false,"template":"","format":"standard","meta":{"footnotes":"","_links_to":"","_links_to_target":""},"categories":[3,383],"tags":[],"calendar":[],"_links":{"self":[{"href":"https:\/\/anprotec.org.br\/site\/wp-json\/wp\/v2\/posts\/37740"}],"collection":[{"href":"https:\/\/anprotec.org.br\/site\/wp-json\/wp\/v2\/posts"}],"about":[{"href":"https:\/\/anprotec.org.br\/site\/wp-json\/wp\/v2\/types\/post"}],"author":[{"embeddable":true,"href":"https:\/\/anprotec.org.br\/site\/wp-json\/wp\/v2\/users\/8"}],"replies":[{"embeddable":true,"href":"https:\/\/anprotec.org.br\/site\/wp-json\/wp\/v2\/comments?post=37740"}],"version-history":[{"count":2,"href":"https:\/\/anprotec.org.br\/site\/wp-json\/wp\/v2\/posts\/37740\/revisions"}],"predecessor-version":[{"id":37748,"href":"https:\/\/anprotec.org.br\/site\/wp-json\/wp\/v2\/posts\/37740\/revisions\/37748"}],"wp:featuredmedia":[{"embeddable":true,"href":"https:\/\/anprotec.org.br\/site\/wp-json\/wp\/v2\/media\/37747"}],"wp:attachment":[{"href":"https:\/\/anprotec.org.br\/site\/wp-json\/wp\/v2\/media?parent=37740"}],"wp:term":[{"taxonomy":"category","embeddable":true,"href":"https:\/\/anprotec.org.br\/site\/wp-json\/wp\/v2\/categories?post=37740"},{"taxonomy":"post_tag","embeddable":true,"href":"https:\/\/anprotec.org.br\/site\/wp-json\/wp\/v2\/tags?post=37740"},{"taxonomy":"calendar","embeddable":true,"href":"https:\/\/anprotec.org.br\/site\/wp-json\/wp\/v2\/calendar?post=37740"}],"curies":[{"name":"wp","href":"https:\/\/api.w.org\/{rel}","templated":true}]}}