{"id":37665,"date":"2021-07-06T11:23:28","date_gmt":"2021-07-06T14:23:28","guid":{"rendered":"https:\/\/anprotec.org.br\/site\/?p=37665"},"modified":"2025-02-25T16:13:09","modified_gmt":"2025-02-25T19:13:09","slug":"inscricoes-prorrogadas-para-o-credenciamento-de-mecanismos-para-o-2-ciclo-do-ideiaz","status":"publish","type":"post","link":"https:\/\/anprotec.org.br\/site\/2021\/07\/inscricoes-prorrogadas-para-o-credenciamento-de-mecanismos-para-o-2-ciclo-do-ideiaz\/","title":{"rendered":"Inscri\u00e7\u00f5es prorrogadas para o credenciamento de mecanismos para o 2\u00b0 ciclo do Ideiaz"},"content":{"rendered":"<p><img decoding=\"async\" loading=\"lazy\" class=\"size-full wp-image-37666 aligncenter\" src=\"https:\/\/anprotec.org.br\/site\/wp-content\/uploads\/2021\/07\/Prorrogac\u0327a\u0303o-Ideiaz.png\" alt=\"\" width=\"801\" height=\"801\" srcset=\"https:\/\/anprotec.org.br\/site\/wp-content\/uploads\/2021\/07\/Prorrogac\u0327a\u0303o-Ideiaz.png 801w, https:\/\/anprotec.org.br\/site\/wp-content\/uploads\/2021\/07\/Prorrogac\u0327a\u0303o-Ideiaz-300x300.png 300w, https:\/\/anprotec.org.br\/site\/wp-content\/uploads\/2021\/07\/Prorrogac\u0327a\u0303o-Ideiaz-768x768.png 768w, https:\/\/anprotec.org.br\/site\/wp-content\/uploads\/2021\/07\/Prorrogac\u0327a\u0303o-Ideiaz-146x146.png 146w, https:\/\/anprotec.org.br\/site\/wp-content\/uploads\/2021\/07\/Prorrogac\u0327a\u0303o-Ideiaz-50x50.png 50w, https:\/\/anprotec.org.br\/site\/wp-content\/uploads\/2021\/07\/Prorrogac\u0327a\u0303o-Ideiaz-75x75.png 75w, https:\/\/anprotec.org.br\/site\/wp-content\/uploads\/2021\/07\/Prorrogac\u0327a\u0303o-Ideiaz-85x85.png 85w, https:\/\/anprotec.org.br\/site\/wp-content\/uploads\/2021\/07\/Prorrogac\u0327a\u0303o-Ideiaz-80x80.png 80w\" sizes=\"(max-width: 801px) 100vw, 801px\" \/><\/p>\n<p>Prorrogado at\u00e9 12\/7, o prazo para inscri\u00e7\u00f5es para o credenciamento de mecanismos para o 2\u00b0 ciclo do Ideiaz<\/p>\n<p>Para esse 2\u00ba ciclo ser\u00e3o selecionadas 20 novas incubadoras e aceleradoras de todas as regi\u00f5es do Brasil, que, somadas \u00e0s outras 15 j\u00e1 selecionadas no primeiro ciclo, ir\u00e3o atender os projetos ao longo do programa.<\/p>\n<p>Os ambientes selecionados ir\u00e3o receber uma qualifica\u00e7\u00e3o virtual de 40 horas oferecida pela Anprotec e o valor de at\u00e9 R$ 3.000,00 por projeto inovador atendido, relativo aos servi\u00e7os prestados, sem a necessidade de aporte de contrapartidas financeiras ou econ\u00f4micas.<\/p>\n<p>O novo prazo de inscri\u00e7\u00f5es foi estendido com o intuito de atender aos ambientes que n\u00e3o conseguiram finalizar o cadastro a tempo, a Chamada Nacional para Forma\u00e7\u00e3o do Cadastro de Incubadoras e Aceleradoras para o Programa Ideiaz \u2013 Powered by InovAtiva.<\/p>\n<p>Essa ser\u00e1 a \u00faltima chamada para ambientes do Ideiaz. As incubadoras e aceleradoras selecionadas nessa chamada, se juntar\u00e3o aos mecanismos selecionados no primeiro ciclo para atender os projetos ao longo do programa.<\/p>\n<p>Saiba mais sobre o programa e inscreva-se em https:\/\/bit.ly\/ideiaz-chamada-mecanismos<\/p>\n","protected":false},"excerpt":{"rendered":"<p>Prorrogado at\u00e9 12\/7, o prazo para inscri\u00e7\u00f5es para o credenciamento<span class=\"excerpt-hellip\"> [\u2026]<\/span><\/p>\n","protected":false},"author":8,"featured_media":37667,"comment_status":"closed","ping_status":"closed","sticky":false,"template":"","format":"standard","meta":{"footnotes":"","_links_to":"","_links_to_target":""},"categories":[3,383],"tags":[],"calendar":[],"_links":{"self":[{"href":"https:\/\/anprotec.org.br\/site\/wp-json\/wp\/v2\/posts\/37665"}],"collection":[{"href":"https:\/\/anprotec.org.br\/site\/wp-json\/wp\/v2\/posts"}],"about":[{"href":"https:\/\/anprotec.org.br\/site\/wp-json\/wp\/v2\/types\/post"}],"author":[{"embeddable":true,"href":"https:\/\/anprotec.org.br\/site\/wp-json\/wp\/v2\/users\/8"}],"replies":[{"embeddable":true,"href":"https:\/\/anprotec.org.br\/site\/wp-json\/wp\/v2\/comments?post=37665"}],"version-history":[{"count":1,"href":"https:\/\/anprotec.org.br\/site\/wp-json\/wp\/v2\/posts\/37665\/revisions"}],"predecessor-version":[{"id":37668,"href":"https:\/\/anprotec.org.br\/site\/wp-json\/wp\/v2\/posts\/37665\/revisions\/37668"}],"wp:featuredmedia":[{"embeddable":true,"href":"https:\/\/anprotec.org.br\/site\/wp-json\/wp\/v2\/media\/37667"}],"wp:attachment":[{"href":"https:\/\/anprotec.org.br\/site\/wp-json\/wp\/v2\/media?parent=37665"}],"wp:term":[{"taxonomy":"category","embeddable":true,"href":"https:\/\/anprotec.org.br\/site\/wp-json\/wp\/v2\/categories?post=37665"},{"taxonomy":"post_tag","embeddable":true,"href":"https:\/\/anprotec.org.br\/site\/wp-json\/wp\/v2\/tags?post=37665"},{"taxonomy":"calendar","embeddable":true,"href":"https:\/\/anprotec.org.br\/site\/wp-json\/wp\/v2\/calendar?post=37665"}],"curies":[{"name":"wp","href":"https:\/\/api.w.org\/{rel}","templated":true}]}}