{"id":36991,"date":"2021-04-30T12:44:12","date_gmt":"2021-04-30T15:44:12","guid":{"rendered":"https:\/\/anprotec.org.br\/site\/?p=36991"},"modified":"2025-02-25T17:41:30","modified_gmt":"2025-02-25T20:41:30","slug":"e-a-maratona-de-aquecimento-da-rm-vale-ti-2021-continua","status":"publish","type":"post","link":"https:\/\/anprotec.org.br\/site\/2021\/04\/e-a-maratona-de-aquecimento-da-rm-vale-ti-2021-continua\/","title":{"rendered":"E a maratona de aquecimento da RM VALE TI 2021 continua"},"content":{"rendered":"<p><img decoding=\"async\" loading=\"lazy\" class=\" wp-image-36992 alignleft\" src=\"https:\/\/anprotec.org.br\/site\/wp-content\/uploads\/2021\/04\/feed-quadrado-1-300x300.png\" alt=\"\" width=\"426\" height=\"426\" srcset=\"https:\/\/anprotec.org.br\/site\/wp-content\/uploads\/2021\/04\/feed-quadrado-1-300x300.png 300w, https:\/\/anprotec.org.br\/site\/wp-content\/uploads\/2021\/04\/feed-quadrado-1-1024x1024.png 1024w, https:\/\/anprotec.org.br\/site\/wp-content\/uploads\/2021\/04\/feed-quadrado-1-768x767.png 768w, https:\/\/anprotec.org.br\/site\/wp-content\/uploads\/2021\/04\/feed-quadrado-1-146x146.png 146w, https:\/\/anprotec.org.br\/site\/wp-content\/uploads\/2021\/04\/feed-quadrado-1-50x50.png 50w, https:\/\/anprotec.org.br\/site\/wp-content\/uploads\/2021\/04\/feed-quadrado-1-75x75.png 75w, https:\/\/anprotec.org.br\/site\/wp-content\/uploads\/2021\/04\/feed-quadrado-1-85x85.png 85w, https:\/\/anprotec.org.br\/site\/wp-content\/uploads\/2021\/04\/feed-quadrado-1-80x80.png 80w, https:\/\/anprotec.org.br\/site\/wp-content\/uploads\/2021\/04\/feed-quadrado-1.png 1362w\" sizes=\"(max-width: 426px) 100vw, 426px\" \/><\/p>\n<p>O segundo webinar contar\u00e1 com Eric Monteiro (Tinnova), Juliano Duarte (GSW Solu\u00e7\u00f5es Integradas), Petterson Paula (LIAX TI) e Thiago Ponte (panda3), que v\u00e3o falar sobre &#8220;Squads parceiros: agilize projetos de TI com equipes externas\u201d.<\/p>\n<p>E este \u00e9 s\u00f3 o come\u00e7o da jornada! Aproveite e fa\u00e7a agora a sua inscri\u00e7\u00e3o.<\/p>\n<p>&#x27a1; Data: 4 de maio (ter\u00e7a-feira)<br \/>\n&#x27a1; Hor\u00e1rio: 9h<br \/>\n&#x27a1; Inscri\u00e7\u00f5es: <a href=\"https:\/\/rmvaleti.com.br\/talk-2\/\">http:\/\/bit.ly\/Talk-2<\/a><\/p>\n","protected":false},"excerpt":{"rendered":"<p>O segundo webinar contar\u00e1 com Eric Monteiro (Tinnova), Juliano Duarte<span class=\"excerpt-hellip\"> [\u2026]<\/span><\/p>\n","protected":false},"author":8,"featured_media":36993,"comment_status":"closed","ping_status":"closed","sticky":false,"template":"","format":"standard","meta":{"footnotes":"","_links_to":"","_links_to_target":""},"categories":[3,383,414],"tags":[],"calendar":[],"_links":{"self":[{"href":"https:\/\/anprotec.org.br\/site\/wp-json\/wp\/v2\/posts\/36991"}],"collection":[{"href":"https:\/\/anprotec.org.br\/site\/wp-json\/wp\/v2\/posts"}],"about":[{"href":"https:\/\/anprotec.org.br\/site\/wp-json\/wp\/v2\/types\/post"}],"author":[{"embeddable":true,"href":"https:\/\/anprotec.org.br\/site\/wp-json\/wp\/v2\/users\/8"}],"replies":[{"embeddable":true,"href":"https:\/\/anprotec.org.br\/site\/wp-json\/wp\/v2\/comments?post=36991"}],"version-history":[{"count":2,"href":"https:\/\/anprotec.org.br\/site\/wp-json\/wp\/v2\/posts\/36991\/revisions"}],"predecessor-version":[{"id":36996,"href":"https:\/\/anprotec.org.br\/site\/wp-json\/wp\/v2\/posts\/36991\/revisions\/36996"}],"wp:featuredmedia":[{"embeddable":true,"href":"https:\/\/anprotec.org.br\/site\/wp-json\/wp\/v2\/media\/36993"}],"wp:attachment":[{"href":"https:\/\/anprotec.org.br\/site\/wp-json\/wp\/v2\/media?parent=36991"}],"wp:term":[{"taxonomy":"category","embeddable":true,"href":"https:\/\/anprotec.org.br\/site\/wp-json\/wp\/v2\/categories?post=36991"},{"taxonomy":"post_tag","embeddable":true,"href":"https:\/\/anprotec.org.br\/site\/wp-json\/wp\/v2\/tags?post=36991"},{"taxonomy":"calendar","embeddable":true,"href":"https:\/\/anprotec.org.br\/site\/wp-json\/wp\/v2\/calendar?post=36991"}],"curies":[{"name":"wp","href":"https:\/\/api.w.org\/{rel}","templated":true}]}}