{"id":36746,"date":"2021-04-08T15:44:22","date_gmt":"2021-04-08T18:44:22","guid":{"rendered":"https:\/\/anprotec.org.br\/site\/?p=36746"},"modified":"2025-02-25T18:11:33","modified_gmt":"2025-02-25T21:11:33","slug":"genesis-lanca-campanha-para-alavancar","status":"publish","type":"post","link":"https:\/\/anprotec.org.br\/site\/2021\/04\/genesis-lanca-campanha-para-alavancar\/","title":{"rendered":"G\u00eanesis lan\u00e7a campanha para alavancar projetos de impacto socioambiental"},"content":{"rendered":"<p><img decoding=\"async\" loading=\"lazy\" class=\"alignleft wp-image-36748\" src=\"https:\/\/anprotec.org.br\/site\/wp-content\/uploads\/2021\/04\/benfeitoria-trilha-empreendedores-de-impacto-ALTA-1024x588.png\" alt=\"\" width=\"460\" height=\"264\" srcset=\"https:\/\/anprotec.org.br\/site\/wp-content\/uploads\/2021\/04\/benfeitoria-trilha-empreendedores-de-impacto-ALTA-1024x588.png 1024w, https:\/\/anprotec.org.br\/site\/wp-content\/uploads\/2021\/04\/benfeitoria-trilha-empreendedores-de-impacto-ALTA-300x172.png 300w, https:\/\/anprotec.org.br\/site\/wp-content\/uploads\/2021\/04\/benfeitoria-trilha-empreendedores-de-impacto-ALTA-768x441.png 768w, https:\/\/anprotec.org.br\/site\/wp-content\/uploads\/2021\/04\/benfeitoria-trilha-empreendedores-de-impacto-ALTA-1536x882.png 1536w, https:\/\/anprotec.org.br\/site\/wp-content\/uploads\/2021\/04\/benfeitoria-trilha-empreendedores-de-impacto-ALTA-254x146.png 254w, https:\/\/anprotec.org.br\/site\/wp-content\/uploads\/2021\/04\/benfeitoria-trilha-empreendedores-de-impacto-ALTA-50x29.png 50w, https:\/\/anprotec.org.br\/site\/wp-content\/uploads\/2021\/04\/benfeitoria-trilha-empreendedores-de-impacto-ALTA-131x75.png 131w, https:\/\/anprotec.org.br\/site\/wp-content\/uploads\/2021\/04\/benfeitoria-trilha-empreendedores-de-impacto-ALTA.png 1741w\" sizes=\"(max-width: 460px) 100vw, 460px\" \/>O Instituto G\u00eanesis PUC-Rio iniciou uma campanha de crowdfunding (financiamento coletivo) para desenvolver um programa de capacita\u00e7\u00e3o online voltado para a forma\u00e7\u00e3o de empreendedores de neg\u00f3cios de impacto.<\/p>\n<p>O programa \u201cTrilha Empreendedores de Impacto: formando agentes de transforma\u00e7\u00e3o\u201d visa engajar e preparar os potenciais empreendedores para iniciarem neg\u00f3cios sustent\u00e1veis e de impacto socioambiental.<\/p>\n<p>Segundo Paula Araujo, Coordenadora de Projetos e Processos do Instituto G\u00eanesis, \u201cao percorrer essa trilha o empreendedor de impacto estar\u00e1 mais capacitado para seguir seu caminho, seja na busca pelo crescimento em programas de germina\u00e7\u00e3o, incuba\u00e7\u00e3o, acelera\u00e7\u00e3o, entre outros ou pronto para se jogar no mercado por conta pr\u00f3pria\u201d.<\/p>\n<p>O programa tem 30h de capacita\u00e7\u00e3o online, composto por palestras de sensibiliza\u00e7\u00e3o e cursos de qualifica\u00e7\u00e3o, que t\u00eam o objetivo de capacitar um total de 180 empreendedores espalhados por todo o Brasil, ao longo de um ano. A Trilha ser\u00e1 desenvolvida pelo Instituto G\u00eanesis, junto aos professores de empreendedorismo da PUC-Rio, al\u00e9m dos consultores que fazem parte da nossa rede.<\/p>\n<p>Os empreendedores que participarem do programa completo (sensibiliza\u00e7\u00e3o + capacita\u00e7\u00e3o) ter\u00e3o a chance de participar de uma banca de sele\u00e7\u00e3o, em que o primeiro colocado ser\u00e1 germinado gratuitamente pelo Instituto G\u00eanesis durante seis meses.<\/p>\n<p>A Germina\u00e7\u00e3o do Instituto G\u00eanesis \u00e9 uma pr\u00e9-incuba\u00e7\u00e3o, que consiste em um programa com dura\u00e7\u00e3o de 6 meses, no qual o empreendedor recebe mentorias, consultorias, cursos e acompanhamento constante atrav\u00e9s de uma metodologia inovadora desenvolvida pela pr\u00f3pria Incubadora, certificada CERNE 2 pela Anprotec e o SEBRAE.<\/p>\n<p>Ao final do programa \u2013 carga hor\u00e1ria de de 30h \u2013, o Instituto G\u00eanesis apoiar\u00e1 o desenvolvimento de projetos transformadores e que realmente causem impacto socioambiental positivo, mas tamb\u00e9m formar indiv\u00edduos com compet\u00eancias e habilidades necess\u00e1rias para a constru\u00e7\u00e3o de um mundo melhor.<\/p>\n<p>\u201cPor isso criamos essa campanha de crowdfunding, para arrecadar fundos e adaptar todo nosso conte\u00fado para o formato online, disseminando a cultura do empreendedorismo de impacto para todo o pa\u00eds\u201d, afirma Paula, que destaca tamb\u00e9m o aspecto solid\u00e1rio da iniciativa: quem participa do financiamento coletivo est\u00e1 dando a oportunidade para a participa\u00e7\u00e3o gratuita no curso de capacita\u00e7\u00e3o para um jovem aprendiz do N\u00facleo de Apoio e A\u00e7\u00e3o Sobre o Menor (NEAM\/PUC-Rio).<\/p>\n<p>&#8220;Colabore com a campanha de crowdfunding e ajude tamb\u00e9m a divulgar nosso projeto. Compartilhe nossa campanha nas redes sociais (e n\u00e3o deixe de nos marcar @institutogenesis). Vamos formar agentes de transforma\u00e7\u00e3o social!&#8221;, conclama Paula.<\/p>\n<p>Para mais informa\u00e7\u00f5es, acesse aqui <a href=\"https:\/\/benfeitoria.com\/empreendedoresdeimpacto?ref=https:\/\/www.puc-rio.br\">https:\/\/benfeitoria.com\/empreendedoresdeimpacto?ref=https:\/\/www.puc-rio.br<\/a><\/p>\n<p>&nbsp;<\/p>\n","protected":false},"excerpt":{"rendered":"<p>O Instituto G\u00eanesis PUC-Rio iniciou uma campanha de crowdfunding (financiamento<span class=\"excerpt-hellip\"> [\u2026]<\/span><\/p>\n","protected":false},"author":8,"featured_media":36747,"comment_status":"closed","ping_status":"closed","sticky":false,"template":"","format":"standard","meta":{"footnotes":"","_links_to":"","_links_to_target":""},"categories":[3,414],"tags":[],"calendar":[],"_links":{"self":[{"href":"https:\/\/anprotec.org.br\/site\/wp-json\/wp\/v2\/posts\/36746"}],"collection":[{"href":"https:\/\/anprotec.org.br\/site\/wp-json\/wp\/v2\/posts"}],"about":[{"href":"https:\/\/anprotec.org.br\/site\/wp-json\/wp\/v2\/types\/post"}],"author":[{"embeddable":true,"href":"https:\/\/anprotec.org.br\/site\/wp-json\/wp\/v2\/users\/8"}],"replies":[{"embeddable":true,"href":"https:\/\/anprotec.org.br\/site\/wp-json\/wp\/v2\/comments?post=36746"}],"version-history":[{"count":2,"href":"https:\/\/anprotec.org.br\/site\/wp-json\/wp\/v2\/posts\/36746\/revisions"}],"predecessor-version":[{"id":36795,"href":"https:\/\/anprotec.org.br\/site\/wp-json\/wp\/v2\/posts\/36746\/revisions\/36795"}],"wp:featuredmedia":[{"embeddable":true,"href":"https:\/\/anprotec.org.br\/site\/wp-json\/wp\/v2\/media\/36747"}],"wp:attachment":[{"href":"https:\/\/anprotec.org.br\/site\/wp-json\/wp\/v2\/media?parent=36746"}],"wp:term":[{"taxonomy":"category","embeddable":true,"href":"https:\/\/anprotec.org.br\/site\/wp-json\/wp\/v2\/categories?post=36746"},{"taxonomy":"post_tag","embeddable":true,"href":"https:\/\/anprotec.org.br\/site\/wp-json\/wp\/v2\/tags?post=36746"},{"taxonomy":"calendar","embeddable":true,"href":"https:\/\/anprotec.org.br\/site\/wp-json\/wp\/v2\/calendar?post=36746"}],"curies":[{"name":"wp","href":"https:\/\/api.w.org\/{rel}","templated":true}]}}