{"id":36738,"date":"2021-04-08T10:34:00","date_gmt":"2021-04-08T13:34:00","guid":{"rendered":"https:\/\/anprotec.org.br\/site\/?p=36738"},"modified":"2025-02-25T18:11:47","modified_gmt":"2025-02-25T21:11:47","slug":"marcos-pontes-aborda-incorporacao-de-recursos-do-fndct-em-debate-na-camara-dos-deputados","status":"publish","type":"post","link":"https:\/\/anprotec.org.br\/site\/2021\/04\/marcos-pontes-aborda-incorporacao-de-recursos-do-fndct-em-debate-na-camara-dos-deputados\/","title":{"rendered":"Marcos Pontes aborda incorpora\u00e7\u00e3o de recursos do FNDCT em debate na C\u00e2mara dos Deputados"},"content":{"rendered":"<p><img decoding=\"async\" loading=\"lazy\" class=\"alignleft size-full wp-image-36740\" src=\"https:\/\/anprotec.org.br\/site\/wp-content\/uploads\/2021\/04\/MCTI.png\" alt=\"\" width=\"370\" height=\"235\" srcset=\"https:\/\/anprotec.org.br\/site\/wp-content\/uploads\/2021\/04\/MCTI.png 370w, https:\/\/anprotec.org.br\/site\/wp-content\/uploads\/2021\/04\/MCTI-300x191.png 300w, https:\/\/anprotec.org.br\/site\/wp-content\/uploads\/2021\/04\/MCTI-230x146.png 230w, https:\/\/anprotec.org.br\/site\/wp-content\/uploads\/2021\/04\/MCTI-50x32.png 50w, https:\/\/anprotec.org.br\/site\/wp-content\/uploads\/2021\/04\/MCTI-118x75.png 118w\" sizes=\"(max-width: 370px) 100vw, 370px\" \/>O ministro da Ci\u00eancia, Tecnologia e Inova\u00e7\u00f5es (MCTI), Marcos Pontes, disse nesta quarta-feira (7) em debate promovido pela C\u00e2mara dos Deputados \u00a0que a sa\u00edda para ampliar a dota\u00e7\u00e3o or\u00e7ament\u00e1ria da sua pasta passa pela incorpora\u00e7\u00e3o de recursos do Fundo Nacional de Desenvolvimento Cient\u00edfico e Tecnol\u00f3gico (FNDCT) \u00e0s verbas destinadas ao minist\u00e9rio.<\/p>\n<p>O fundo \u00e9 o principal instrumento de financiamento a pesquisas cient\u00edficas no Pa\u00eds. No ano passado, deputados e senadores aprovaram uma lei proibindo o governo de bloquear os recursos do FNDCT para cumprir meta fiscal, mas um veto do presidente Jair Bolsonaro <a href=\"https:\/\/www.camara.leg.br\/noticias\/721167-BOLSONARO-MANTEM-POSSIBILIDADE-DE-BLOQUEIO-DE-RECURSOS-DE-CIENCIA-E-TECNOLOGIA\">inviabilizou a inten\u00e7\u00e3o do Congresso<\/a>.<\/p>\n<p><a href=\"https:\/\/www.camara.leg.br\/noticias\/737295-CONGRESSO-DERRUBA-VETOS-SOBRE-SERVICOS-AMBIENTAIS,-PRECATORIOS-E-LEI-DE-TRANSITO\">O veto foi derrubado em mar\u00e7o<\/a>, mas agora, explicou Pontes, os recursos do fundo precisam retornar ao minist\u00e9rio. Segundo ele, isso depende de um projeto de cr\u00e9dito (PLN) ou de medida provis\u00f3ria, ambos de iniciativa exclusiva do governo federal. Ele espera garantir com o Minist\u00e9rio da Economia, de imediato, pelo menos R$ 1 bilh\u00e3o.<\/p>\n<p>Sem o FNDCT, Pontes disse que os outros projetos da \u00e1rea de ci\u00eancia e tecnologia tamb\u00e9m ser\u00e3o comprometidos, como a concess\u00e3o de bolsas de pesquisa e a constru\u00e7\u00e3o do Reator Nuclear Multiprop\u00f3sito, que vai produzir radiois\u00f3topos para uso na medicina, entre outras aplica\u00e7\u00f5es.<\/p>\n<p><strong>Debate<\/strong><br \/>\nDurante os debates, v\u00e1rios parlamentares manifestaram preocupa\u00e7\u00e3o com o baixo or\u00e7amento do MCTI. O deputado Aliel Machado (PSB-PR) lembrou que o or\u00e7amento da pasta teve redu\u00e7\u00e3o este ano (ficou em R$ 2,7 bilh\u00f5es), diferente do que aconteceu com o do Minist\u00e9rio da Defesa, que subiu para R$ 37 bilh\u00f5es. \u201cTodos disputam espa\u00e7o e a ci\u00eancia \u00e9 a defesa de todos os espa\u00e7os, de todas as \u00e1reas\u201d, disse.<\/p>\n<p>Com informa\u00e7\u00f5es de <a href=\"https:\/\/www.camara.leg.br\/noticias\/743661-ministro-busca-saida-orcamentaria-para-manter-pesquisa-de-vacinas-contra-covid-19\/\" target=\"_blank\" rel=\"noopener noreferrer\">Ag\u00eancia C\u00e2mara de Not\u00edcias<\/a><\/p>\n","protected":false},"excerpt":{"rendered":"<p>O ministro da Ci\u00eancia, Tecnologia e Inova\u00e7\u00f5es (MCTI), Marcos Pontes,<span class=\"excerpt-hellip\"> [\u2026]<\/span><\/p>\n","protected":false},"author":8,"featured_media":36740,"comment_status":"closed","ping_status":"closed","sticky":false,"template":"","format":"standard","meta":{"footnotes":"","_links_to":"","_links_to_target":""},"categories":[3,414],"tags":[],"calendar":[],"_links":{"self":[{"href":"https:\/\/anprotec.org.br\/site\/wp-json\/wp\/v2\/posts\/36738"}],"collection":[{"href":"https:\/\/anprotec.org.br\/site\/wp-json\/wp\/v2\/posts"}],"about":[{"href":"https:\/\/anprotec.org.br\/site\/wp-json\/wp\/v2\/types\/post"}],"author":[{"embeddable":true,"href":"https:\/\/anprotec.org.br\/site\/wp-json\/wp\/v2\/users\/8"}],"replies":[{"embeddable":true,"href":"https:\/\/anprotec.org.br\/site\/wp-json\/wp\/v2\/comments?post=36738"}],"version-history":[{"count":1,"href":"https:\/\/anprotec.org.br\/site\/wp-json\/wp\/v2\/posts\/36738\/revisions"}],"predecessor-version":[{"id":36741,"href":"https:\/\/anprotec.org.br\/site\/wp-json\/wp\/v2\/posts\/36738\/revisions\/36741"}],"wp:featuredmedia":[{"embeddable":true,"href":"https:\/\/anprotec.org.br\/site\/wp-json\/wp\/v2\/media\/36740"}],"wp:attachment":[{"href":"https:\/\/anprotec.org.br\/site\/wp-json\/wp\/v2\/media?parent=36738"}],"wp:term":[{"taxonomy":"category","embeddable":true,"href":"https:\/\/anprotec.org.br\/site\/wp-json\/wp\/v2\/categories?post=36738"},{"taxonomy":"post_tag","embeddable":true,"href":"https:\/\/anprotec.org.br\/site\/wp-json\/wp\/v2\/tags?post=36738"},{"taxonomy":"calendar","embeddable":true,"href":"https:\/\/anprotec.org.br\/site\/wp-json\/wp\/v2\/calendar?post=36738"}],"curies":[{"name":"wp","href":"https:\/\/api.w.org\/{rel}","templated":true}]}}