{"id":36658,"date":"2021-04-05T14:06:03","date_gmt":"2021-04-05T17:06:03","guid":{"rendered":"https:\/\/anprotec.org.br\/site\/?p=36658"},"modified":"2025-02-25T18:34:07","modified_gmt":"2025-02-25T21:34:07","slug":"inscricoes-prorrogadas-ultima-chance-para-voce-levar-sua-agritech-para-a-coreia-do-sul","status":"publish","type":"post","link":"https:\/\/anprotec.org.br\/site\/2021\/04\/inscricoes-prorrogadas-ultima-chance-para-voce-levar-sua-agritech-para-a-coreia-do-sul\/","title":{"rendered":"Inscri\u00e7\u00f5es prorrogadas: \u00faltima chance para voc\u00ea levar sua Agritech para a Cor\u00e9ia do Sul"},"content":{"rendered":"<p style=\"font-weight: 400\">Se voc\u00ea quer projetar a sua Agritech no mercado internacional, ainda tem tempo, pois prorrogamos o prazo de inscri\u00e7\u00e3o do <a href=\"https:\/\/conteudocentev.ufv.br\/apresente-a-sua-agritech-para-a-coreia-do-sul\">tecnoPARQ Connects<\/a>!!<\/p>\n<p style=\"font-weight: 400\">Em parceria com a Embaixada do Brasil em Seul, na Cor\u00e9ia do Sul, n\u00f3s iremos inserir, virtualmente, startups do setor agr\u00e1rio brasileiro na confer\u00eancia coreana que vai conectar big players do mercado com o ecossistema global de startups, a <em>NextRise<\/em> 2021, organizada pelo Banco de Desenvolvimento da Coreia (<em>Korea Development Bank<\/em>, KDB).<\/p>\n<p style=\"font-weight: 400\">Estamos buscando Agritechs que atuem em pelo menos uma dessas tr\u00eas \u00e1reas:<\/p>\n<ul style=\"font-weight: 400\">\n<li>Solu\u00e7\u00f5es para a internet das coisas (IoT) aplicada ao agroneg\u00f3cio;<\/li>\n<li>Solu\u00e7\u00f5es ancoradas em intelig\u00eancia artificial aplicada ao agroneg\u00f3cio;<\/li>\n<li>Solu\u00e7\u00f5es voltadas ao aumento de produtividade do agroneg\u00f3cio, que envolvam pr\u00e1ticas sustent\u00e1veis e de impacto.<\/li>\n<\/ul>\n<p style=\"font-weight: 400\">Todas as Agritechs selecionadas receber\u00e3o um \u201c<em>pitch training<\/em> online\u201d exclusivo do tecnoPARQ para capacit\u00e1-las a apresentarem um pitch irresist\u00edvel para os big players presentes na <em>NextRise 2021<\/em>. Al\u00e9m do suporte e prepara\u00e7\u00e3o para a feira, as startps ter\u00e3o a possibilidade de participa\u00e7\u00e3o no Programa de <em>Soft Land Hub<\/em> do tecnoPARQ.<\/p>\n<p style=\"font-weight: 400\">E tem mais, a Embaixada do Brasil em Seul vai dar todo o suporte no processo de divulga\u00e7\u00e3o das empresas durante a confer\u00eancia e facilitar o networking, al\u00e9m, \u00e9 claro, de promover a participa\u00e7\u00e3o das startups selecionadas no evento.<\/p>\n<p style=\"font-weight: 400\">Agora, voc\u00ea precisa conferir todas as informa\u00e7\u00f5es do edital, da NextRise e da inscri\u00e7\u00e3o por aqui: <a href=\"http:\/\/bit.ly\/tecnoparqconnects\">bit.ly\/tecnoparqconnects<\/a><\/p>\n<p style=\"font-weight: 400\">As vagas s\u00e3o limitadas e <strong>as inscri\u00e7\u00f5es se encerram no dia 11 de abril, \u00e0s 23h59.<\/strong><\/p>\n<p style=\"font-weight: 400\">N\u00e3o perca tempo, pois o futuro da sua Agritech est\u00e1 em suas m\u00e3os (ou na nossa).<\/p>\n<p>&nbsp;<\/p>\n<p><img decoding=\"async\" loading=\"lazy\" class=\"wp-image-36659 aligncenter\" src=\"https:\/\/anprotec.org.br\/site\/wp-content\/uploads\/2021\/04\/tecnoPARQ-Connects-divulga\u00e7\u00e3o-1024x1024.jpeg\" alt=\"\" width=\"633\" height=\"633\" srcset=\"https:\/\/anprotec.org.br\/site\/wp-content\/uploads\/2021\/04\/tecnoPARQ-Connects-divulga\u00e7\u00e3o-1024x1024.jpeg 1024w, https:\/\/anprotec.org.br\/site\/wp-content\/uploads\/2021\/04\/tecnoPARQ-Connects-divulga\u00e7\u00e3o-300x300.jpeg 300w, https:\/\/anprotec.org.br\/site\/wp-content\/uploads\/2021\/04\/tecnoPARQ-Connects-divulga\u00e7\u00e3o-768x768.jpeg 768w, https:\/\/anprotec.org.br\/site\/wp-content\/uploads\/2021\/04\/tecnoPARQ-Connects-divulga\u00e7\u00e3o-146x146.jpeg 146w, https:\/\/anprotec.org.br\/site\/wp-content\/uploads\/2021\/04\/tecnoPARQ-Connects-divulga\u00e7\u00e3o-50x50.jpeg 50w, https:\/\/anprotec.org.br\/site\/wp-content\/uploads\/2021\/04\/tecnoPARQ-Connects-divulga\u00e7\u00e3o-75x75.jpeg 75w, https:\/\/anprotec.org.br\/site\/wp-content\/uploads\/2021\/04\/tecnoPARQ-Connects-divulga\u00e7\u00e3o-85x85.jpeg 85w, https:\/\/anprotec.org.br\/site\/wp-content\/uploads\/2021\/04\/tecnoPARQ-Connects-divulga\u00e7\u00e3o-80x80.jpeg 80w, https:\/\/anprotec.org.br\/site\/wp-content\/uploads\/2021\/04\/tecnoPARQ-Connects-divulga\u00e7\u00e3o.jpeg 1280w\" sizes=\"(max-width: 633px) 100vw, 633px\" \/><\/p>\n<p>&nbsp;<\/p>\n","protected":false},"excerpt":{"rendered":"<p>Se voc\u00ea quer projetar a sua Agritech no mercado internacional,<span class=\"excerpt-hellip\"> [\u2026]<\/span><\/p>\n","protected":false},"author":8,"featured_media":36667,"comment_status":"closed","ping_status":"closed","sticky":false,"template":"","format":"standard","meta":{"footnotes":"","_links_to":"","_links_to_target":""},"categories":[3,383,414],"tags":[],"calendar":[],"_links":{"self":[{"href":"https:\/\/anprotec.org.br\/site\/wp-json\/wp\/v2\/posts\/36658"}],"collection":[{"href":"https:\/\/anprotec.org.br\/site\/wp-json\/wp\/v2\/posts"}],"about":[{"href":"https:\/\/anprotec.org.br\/site\/wp-json\/wp\/v2\/types\/post"}],"author":[{"embeddable":true,"href":"https:\/\/anprotec.org.br\/site\/wp-json\/wp\/v2\/users\/8"}],"replies":[{"embeddable":true,"href":"https:\/\/anprotec.org.br\/site\/wp-json\/wp\/v2\/comments?post=36658"}],"version-history":[{"count":2,"href":"https:\/\/anprotec.org.br\/site\/wp-json\/wp\/v2\/posts\/36658\/revisions"}],"predecessor-version":[{"id":36666,"href":"https:\/\/anprotec.org.br\/site\/wp-json\/wp\/v2\/posts\/36658\/revisions\/36666"}],"wp:featuredmedia":[{"embeddable":true,"href":"https:\/\/anprotec.org.br\/site\/wp-json\/wp\/v2\/media\/36667"}],"wp:attachment":[{"href":"https:\/\/anprotec.org.br\/site\/wp-json\/wp\/v2\/media?parent=36658"}],"wp:term":[{"taxonomy":"category","embeddable":true,"href":"https:\/\/anprotec.org.br\/site\/wp-json\/wp\/v2\/categories?post=36658"},{"taxonomy":"post_tag","embeddable":true,"href":"https:\/\/anprotec.org.br\/site\/wp-json\/wp\/v2\/tags?post=36658"},{"taxonomy":"calendar","embeddable":true,"href":"https:\/\/anprotec.org.br\/site\/wp-json\/wp\/v2\/calendar?post=36658"}],"curies":[{"name":"wp","href":"https:\/\/api.w.org\/{rel}","templated":true}]}}