{"id":36588,"date":"2021-03-31T10:46:46","date_gmt":"2021-03-31T13:46:46","guid":{"rendered":"https:\/\/anprotec.org.br\/site\/?p=36588"},"modified":"2025-02-28T13:27:03","modified_gmt":"2025-02-28T16:27:03","slug":"inscricoes-abertas-para-o-curso-de-implantacao-do-modelo-cerne-de-gestao-de-incubadoras","status":"publish","type":"post","link":"https:\/\/anprotec.org.br\/site\/2021\/03\/inscricoes-abertas-para-o-curso-de-implantacao-do-modelo-cerne-de-gestao-de-incubadoras\/","title":{"rendered":"Inscri\u00e7\u00f5es abertas para o curso de &#8220;Implanta\u00e7\u00e3o do Modelo Cerne de Gest\u00e3o de Incubadoras&#8221;"},"content":{"rendered":"<p><img decoding=\"async\" loading=\"lazy\" class=\"size-full wp-image-36714 aligncenter\" src=\"https:\/\/anprotec.org.br\/site\/wp-content\/uploads\/2021\/03\/Sebrae-Cerne.jpeg\" alt=\"\" width=\"720\" height=\"720\" srcset=\"https:\/\/anprotec.org.br\/site\/wp-content\/uploads\/2021\/03\/Sebrae-Cerne.jpeg 720w, https:\/\/anprotec.org.br\/site\/wp-content\/uploads\/2021\/03\/Sebrae-Cerne-300x300.jpeg 300w, https:\/\/anprotec.org.br\/site\/wp-content\/uploads\/2021\/03\/Sebrae-Cerne-146x146.jpeg 146w, https:\/\/anprotec.org.br\/site\/wp-content\/uploads\/2021\/03\/Sebrae-Cerne-50x50.jpeg 50w, https:\/\/anprotec.org.br\/site\/wp-content\/uploads\/2021\/03\/Sebrae-Cerne-75x75.jpeg 75w, https:\/\/anprotec.org.br\/site\/wp-content\/uploads\/2021\/03\/Sebrae-Cerne-85x85.jpeg 85w, https:\/\/anprotec.org.br\/site\/wp-content\/uploads\/2021\/03\/Sebrae-Cerne-80x80.jpeg 80w\" sizes=\"(max-width: 720px) 100vw, 720px\" \/><\/p>\n<p><strong>Curso Digital de Implanta\u00e7\u00e3o do Modelo Cerne<\/strong><\/p>\n<p>Com o objetivo de tornar os participantes capazes de planejar e implantar os processos e pr\u00e1ticas propostas pelo Modelo Cerne, a Anprotec apresenta mais uma edi\u00e7\u00e3o digital do curso de Implanta\u00e7\u00e3o do Modelo Cerne de Gest\u00e3o de Incubadoras.<\/p>\n<p>A capacita\u00e7\u00e3o \u00e9 focada na concep\u00e7\u00e3o, implanta\u00e7\u00e3o e opera\u00e7\u00e3o de sistemas de incuba\u00e7\u00e3o, de forma a possibilitar a gera\u00e7\u00e3o sistem\u00e1tica de inova\u00e7\u00f5es.<\/p>\n<p>A implanta\u00e7\u00e3o aborda conte\u00fados que v\u00e3o desde a sele\u00e7\u00e3o de empreendimentos inovadores at\u00e9 a internacionaliza\u00e7\u00e3o das incubadoras.<\/p>\n<p><strong>AGENDA<\/strong><\/p>\n<p><strong>Data:<\/strong>\u00a0de 12 a 23 de abril<\/p>\n<div><strong>Hor\u00e1rio:\u00a0<\/strong>Sempre no per\u00edodo da noite, das 18h \u00e0s 21h, com exerc\u00edcios para al\u00e9m do hor\u00e1rio das aulas.<\/div>\n<div><\/div>\n<div><strong>Instrutor:<\/strong>Marcos Suassuna<\/div>\n<p><strong>INVESTIMENTO<\/strong><\/p>\n<p><strong>Inscri\u00e7\u00f5es em grupos de cinco pessoas ligadas a um mesmo ambiente:<\/strong><\/p>\n<p>R$ 2500 (associado Anprotec);<br \/>\nR$ 3500 (n\u00e3o associado).<\/p>\n<p><strong>Inscri\u00e7\u00f5es Individuais:<\/strong><\/p>\n<p>R$ 600 individual (associado Anprotec);<br \/>\nR$ 800 individual (n\u00e3o associado).<\/p>\n<p><strong>Confira a <a href=\"https:\/\/anprotec.org.br\/site\/wp-content\/uploads\/2021\/01\/Cerne-Digital-2021.pdf\" rel=\"noopener noreferrer\">metodologia<\/a> de cada aula.<\/strong><\/p>\n<p><strong>Inscri\u00e7\u00f5es encerradas!<\/strong><\/p>\n<p>&nbsp;<\/p>\n","protected":false},"excerpt":{"rendered":"<p>Curso Digital de Implanta\u00e7\u00e3o do Modelo Cerne Com o objetivo<span class=\"excerpt-hellip\"> [\u2026]<\/span><\/p>\n","protected":false},"author":8,"featured_media":36593,"comment_status":"closed","ping_status":"closed","sticky":false,"template":"","format":"standard","meta":{"footnotes":"","_links_to":"","_links_to_target":""},"categories":[417,3,383],"tags":[],"calendar":[],"_links":{"self":[{"href":"https:\/\/anprotec.org.br\/site\/wp-json\/wp\/v2\/posts\/36588"}],"collection":[{"href":"https:\/\/anprotec.org.br\/site\/wp-json\/wp\/v2\/posts"}],"about":[{"href":"https:\/\/anprotec.org.br\/site\/wp-json\/wp\/v2\/types\/post"}],"author":[{"embeddable":true,"href":"https:\/\/anprotec.org.br\/site\/wp-json\/wp\/v2\/users\/8"}],"replies":[{"embeddable":true,"href":"https:\/\/anprotec.org.br\/site\/wp-json\/wp\/v2\/comments?post=36588"}],"version-history":[{"count":2,"href":"https:\/\/anprotec.org.br\/site\/wp-json\/wp\/v2\/posts\/36588\/revisions"}],"predecessor-version":[{"id":36737,"href":"https:\/\/anprotec.org.br\/site\/wp-json\/wp\/v2\/posts\/36588\/revisions\/36737"}],"wp:featuredmedia":[{"embeddable":true,"href":"https:\/\/anprotec.org.br\/site\/wp-json\/wp\/v2\/media\/36593"}],"wp:attachment":[{"href":"https:\/\/anprotec.org.br\/site\/wp-json\/wp\/v2\/media?parent=36588"}],"wp:term":[{"taxonomy":"category","embeddable":true,"href":"https:\/\/anprotec.org.br\/site\/wp-json\/wp\/v2\/categories?post=36588"},{"taxonomy":"post_tag","embeddable":true,"href":"https:\/\/anprotec.org.br\/site\/wp-json\/wp\/v2\/tags?post=36588"},{"taxonomy":"calendar","embeddable":true,"href":"https:\/\/anprotec.org.br\/site\/wp-json\/wp\/v2\/calendar?post=36588"}],"curies":[{"name":"wp","href":"https:\/\/api.w.org\/{rel}","templated":true}]}}