{"id":36572,"date":"2021-03-30T15:50:17","date_gmt":"2021-03-30T18:50:17","guid":{"rendered":"https:\/\/anprotec.org.br\/site\/?p=36572"},"modified":"2025-02-28T13:27:40","modified_gmt":"2025-02-28T16:27:40","slug":"aceleradoras-e-incubadoras-selecionadas-na-primeira-chamada-sao-qualificadas-para-o-ideiaz","status":"publish","type":"post","link":"https:\/\/anprotec.org.br\/site\/2021\/03\/aceleradoras-e-incubadoras-selecionadas-na-primeira-chamada-sao-qualificadas-para-o-ideiaz\/","title":{"rendered":"Aceleradoras e incubadoras selecionadas na primeira chamada s\u00e3o qualificadas para o Ideiaz"},"content":{"rendered":"<p><img decoding=\"async\" loading=\"lazy\" class=\"alignleft size-full wp-image-36573\" src=\"https:\/\/anprotec.org.br\/site\/wp-content\/uploads\/2021\/03\/Qualificacao.png\" alt=\"\" width=\"370\" height=\"235\" srcset=\"https:\/\/anprotec.org.br\/site\/wp-content\/uploads\/2021\/03\/Qualificacao.png 370w, https:\/\/anprotec.org.br\/site\/wp-content\/uploads\/2021\/03\/Qualificacao-300x191.png 300w, https:\/\/anprotec.org.br\/site\/wp-content\/uploads\/2021\/03\/Qualificacao-230x146.png 230w, https:\/\/anprotec.org.br\/site\/wp-content\/uploads\/2021\/03\/Qualificacao-50x32.png 50w, https:\/\/anprotec.org.br\/site\/wp-content\/uploads\/2021\/03\/Qualificacao-118x75.png 118w\" sizes=\"(max-width: 370px) 100vw, 370px\" \/>Na \u00faltima sexta-feira (26), foi conclu\u00edda a qualifica\u00e7\u00e3o das institui\u00e7\u00f5es aprovadas para o primeiro ciclo do Programa Ideiaz. A qualifica\u00e7\u00e3o teve in\u00edcio no dia 15\/3 e teve como objetivo promover a troca de experi\u00eancias entre os mecanismos e discutir boas pr\u00e1ticas para o atendimento aos projetos aprovados para o programa.<\/p>\n<p>A capacita\u00e7\u00e3o abrangeu temas como acolhimento e desenvolvimento de empreendimentos, neg\u00f3cios de impacto como forma de resolver os problemas sociais e ambientais, ferramentas de apoio ao empreendedor de impacto, monitoramento e avalia\u00e7\u00e3o de empreendimentos e possibilidades de conex\u00e3o com outros ambientes e mecanismos.<\/p>\n<p>O superintendente da Anprotec, Guila Calheiros, destacou alguns pontos tratados na qualifica\u00e7\u00e3o dos mecanismos. \u201cEssa \u00e9 uma etapa importante do programa. Vale lembrar que os projetos s\u00e3o de idea\u00e7\u00e3o, ou seja, est\u00e3o no momento inicial de concep\u00e7\u00e3o de empreendimentos inovadores. As incubadoras e aceleradoras receberam conte\u00fados importantes para apoiar a din\u00e2mica e o funcionamento desses novos neg\u00f3cios. Foi abordado tamb\u00e9m o papel dos mecanismos, metodologia, modelo de gest\u00e3o e vis\u00e3o de atendimento a empreendimentos de impacto, realizado em parceria com o ICE &#8211; Inova\u00e7\u00e3o em Cidadania Empresarial e Sense-Lab\u201d, explicou.<\/p>\n<p>Ao final, os mecanismos apresentaram as adapta\u00e7\u00f5es e melhorias nos seus Planos de Atendimento a partir das discuss\u00f5es e novos conhecimentos obtidos durante o per\u00edodo da qualifica\u00e7\u00e3o. Cada projeto selecionado pelo Ideiaz receber\u00e1 atendimento durante 10 semanas em uma das incubadoras ou aceleradoras credenciadas, conforme estipulado no regulamento.<\/p>\n<p>No dia 31 de mar\u00e7o, ser\u00e3o divulgados os projetos selecionados. O in\u00edcio do atendimento do programa ser\u00e1 em 05 de abril.<\/p>\n<p><strong>Sobre o Ideiaz Powered by InovAtiva<\/strong><\/p>\n<p>Realizado pela Anprotec, o Sebrae e a Secretaria Especial de Produtividade, Emprego e Competitividade do Minist\u00e9rio da Economia (Sepec\/ME), o Ideiaz oferecer\u00e1 atividades de mentoria, consultoria organizacional, suporte tecnol\u00f3gico, suporte para formaliza\u00e7\u00e3o do neg\u00f3cio e qualifica\u00e7\u00e3o empreendedora.<\/p>\n<p>\u201cO Ideiaz contribuir\u00e1 de maneira decisiva para alavancar o ecossistema empreendedor do pa\u00eds. Buscaremos oferecer todo o ferramental necess\u00e1rio para que os projetos contemplados nas chamadas se tornem bons neg\u00f3cios com elevado potencial de diferencia\u00e7\u00e3o no mercado\u201d, pondera Paulo Puppin, gerente adjunto de inova\u00e7\u00e3o do Sebrae.<\/p>\n<p>A meta \u00e9 apoiar, ainda neste ano, mil projetos de pequenos neg\u00f3cios inovadores de todos os estados do Pa\u00eds a partir da capacita\u00e7\u00e3o gratuita realizada por incubadoras e aceleradoras, fomentando ecossistemas locais de inova\u00e7\u00e3o.<\/p>\n<p>Como explica o coordenador-geral de Empreendedorismo Inovador da Sepec, Rafael Wandrey, o Ideiaz Powered By InovAtiva \u00e9 o primeiro projeto a receber apoio metodol\u00f3gico do hub de inova\u00e7\u00e3o InovAtiva. O programa faz parte da estrat\u00e9gia do InovAtiva para levar suas ferramentas e servi\u00e7os para 15 mil startups brasileiras nos pr\u00f3ximos anos.<\/p>\n<p>\u201cEstamos trabalhando para que o Brasil seja um dos principais ecossistemas de empreendedorismo inovador do mundo. A nossa miss\u00e3o com o InovAtiva \u00e9 acelerar neg\u00f3cios inovadores, conectar empreendedores que desenvolvem solu\u00e7\u00f5es disruptivas e tecnol\u00f3gicas a grandes empresas e ind\u00fastrias, aumentar a taxa de forma\u00e7\u00e3o de startups e promover o ecossistema de inova\u00e7\u00e3o em todos os estados do Brasil\u201d, finaliza.<\/p>\n","protected":false},"excerpt":{"rendered":"<p>Na \u00faltima sexta-feira (26), foi conclu\u00edda a qualifica\u00e7\u00e3o das institui\u00e7\u00f5es<span class=\"excerpt-hellip\"> [\u2026]<\/span><\/p>\n","protected":false},"author":8,"featured_media":36573,"comment_status":"closed","ping_status":"closed","sticky":false,"template":"","format":"standard","meta":{"footnotes":"","_links_to":"","_links_to_target":""},"categories":[3,414],"tags":[],"calendar":[],"_links":{"self":[{"href":"https:\/\/anprotec.org.br\/site\/wp-json\/wp\/v2\/posts\/36572"}],"collection":[{"href":"https:\/\/anprotec.org.br\/site\/wp-json\/wp\/v2\/posts"}],"about":[{"href":"https:\/\/anprotec.org.br\/site\/wp-json\/wp\/v2\/types\/post"}],"author":[{"embeddable":true,"href":"https:\/\/anprotec.org.br\/site\/wp-json\/wp\/v2\/users\/8"}],"replies":[{"embeddable":true,"href":"https:\/\/anprotec.org.br\/site\/wp-json\/wp\/v2\/comments?post=36572"}],"version-history":[{"count":1,"href":"https:\/\/anprotec.org.br\/site\/wp-json\/wp\/v2\/posts\/36572\/revisions"}],"predecessor-version":[{"id":36575,"href":"https:\/\/anprotec.org.br\/site\/wp-json\/wp\/v2\/posts\/36572\/revisions\/36575"}],"wp:featuredmedia":[{"embeddable":true,"href":"https:\/\/anprotec.org.br\/site\/wp-json\/wp\/v2\/media\/36573"}],"wp:attachment":[{"href":"https:\/\/anprotec.org.br\/site\/wp-json\/wp\/v2\/media?parent=36572"}],"wp:term":[{"taxonomy":"category","embeddable":true,"href":"https:\/\/anprotec.org.br\/site\/wp-json\/wp\/v2\/categories?post=36572"},{"taxonomy":"post_tag","embeddable":true,"href":"https:\/\/anprotec.org.br\/site\/wp-json\/wp\/v2\/tags?post=36572"},{"taxonomy":"calendar","embeddable":true,"href":"https:\/\/anprotec.org.br\/site\/wp-json\/wp\/v2\/calendar?post=36572"}],"curies":[{"name":"wp","href":"https:\/\/api.w.org\/{rel}","templated":true}]}}