{"id":36375,"date":"2021-03-05T15:14:16","date_gmt":"2021-03-05T18:14:16","guid":{"rendered":"https:\/\/anprotec.org.br\/site\/?p=36375"},"modified":"2025-02-28T14:01:58","modified_gmt":"2025-02-28T17:01:58","slug":"mesmo-com-pandemia-empresas-do-porto-digital-apresentam-crescimento-em-faturamento-e-contratacoes","status":"publish","type":"post","link":"https:\/\/anprotec.org.br\/site\/2021\/03\/mesmo-com-pandemia-empresas-do-porto-digital-apresentam-crescimento-em-faturamento-e-contratacoes\/","title":{"rendered":"Mesmo com pandemia, empresas do Porto Digital apresentam crescimento em faturamento e contrata\u00e7\u00f5es"},"content":{"rendered":"<p><img decoding=\"async\" loading=\"lazy\" class=\"alignleft size-full wp-image-36376\" src=\"https:\/\/anprotec.org.br\/site\/wp-content\/uploads\/2021\/03\/Home.png\" alt=\"\" width=\"370\" height=\"235\" srcset=\"https:\/\/anprotec.org.br\/site\/wp-content\/uploads\/2021\/03\/Home.png 370w, https:\/\/anprotec.org.br\/site\/wp-content\/uploads\/2021\/03\/Home-300x191.png 300w, https:\/\/anprotec.org.br\/site\/wp-content\/uploads\/2021\/03\/Home-230x146.png 230w, https:\/\/anprotec.org.br\/site\/wp-content\/uploads\/2021\/03\/Home-50x32.png 50w, https:\/\/anprotec.org.br\/site\/wp-content\/uploads\/2021\/03\/Home-118x75.png 118w\" sizes=\"(max-width: 370px) 100vw, 370px\" \/>Mesmo com os desafios impostos pela <strong>pandemia<\/strong>\u00a0do novo coronav\u00edrus, o\u00a0<strong>Porto Digital<\/strong>, parque tecnol\u00f3gico e hub de inova\u00e7\u00e3o localizado em\u00a0<strong>Recife<\/strong>\u00a0(PE), apresentou crescimento de\u00a0<strong>faturamento<\/strong>\u00a0e n\u00famero de\u00a0<strong>colaboradores<\/strong>\u00a0em 2020, quando comparado 2019. O resultado foi divulgado ontem (4) e levou em considera\u00e7\u00e3o as respostas de\u00a0<strong>119 empresas das 349<\/strong>\u00a0que fazem parte do complexo.<\/p>\n<p>No ano passado, o faturamento das 119 analisadas somou\u00a0<strong>R$ 2,49 bilh\u00f5es<\/strong>, um\u00a0<strong>crescimento de 21,7%<\/strong>\u00a0em compara\u00e7\u00e3o a 2019, quando o valor foi de R$ 2,35 bilh\u00f5es. Portanto, pelo segundo ano consecutivo, houve alta de, pelo menos, 20%, j\u00e1 que de 2018 para 2019 o salto foi de 23,9%, saindo de R$ 1,89 bilh\u00e3o.<\/p>\n<p>Al\u00e9m do aumento no faturamento, as empresas do Porto Digital tamb\u00e9m apresentaram crescimento no quadro de funcion\u00e1rios. Segundo o balan\u00e7o, em 2020 houve um\u00a0<strong>aumento de 14,7%<\/strong>\u00a0no n\u00famero de postos de trabalho abertos no parque tecnol\u00f3gico, saindo de 11.659 em 2019 para\u00a0<strong>13.378 em 2020<\/strong>.<\/p>\n<p>As empresas que apresentaram maior crescimento de faturamento no Porto Digital em 2020 foram\u00a0<strong>Accenture<\/strong>,\u00a0<strong>Acqio<\/strong>,\u00a0<strong>Avanade<\/strong>,\u00a0<strong>Avantia<\/strong>,\u00a0<strong>CESAR<\/strong>,\u00a0<strong>Insole<\/strong>,\u00a0<strong>Neurotech<\/strong>,\u00a0<strong>Rede<\/strong>\u00a0<strong>Globo<\/strong>,\u00a0<strong>Sertell<\/strong>\u00a0e\u00a0<strong>Tempest<\/strong>.<\/p>\n<p><a href=\"https:\/\/anprotec.org.br\/site\/wp-content\/uploads\/2021\/03\/Resultados_do_Porto_Digital-2020.pdf\" target=\"_blank\" rel=\"noopener noreferrer\">Clique aqui e confira o relat\u00f3rio.<\/a><\/p>\n<p>Com informa\u00e7\u00f5es de <a href=\"https:\/\/forbes.com.br\/forbes-tech\/2021\/03\/mesmo-com-pandemia-empresas-do-porto-digital-apresentam-crescimento-em-faturamento-e-contratacoes\/\" target=\"_blank\" rel=\"noopener noreferrer\">Forbes<\/a><\/p>\n<p>&nbsp;<\/p>\n","protected":false},"excerpt":{"rendered":"<p>Mesmo com os desafios impostos pela pandemia\u00a0do novo coronav\u00edrus, o\u00a0Porto<span class=\"excerpt-hellip\"> [\u2026]<\/span><\/p>\n","protected":false},"author":8,"featured_media":36376,"comment_status":"closed","ping_status":"closed","sticky":false,"template":"","format":"standard","meta":{"footnotes":"","_links_to":"","_links_to_target":""},"categories":[3,414],"tags":[],"calendar":[],"_links":{"self":[{"href":"https:\/\/anprotec.org.br\/site\/wp-json\/wp\/v2\/posts\/36375"}],"collection":[{"href":"https:\/\/anprotec.org.br\/site\/wp-json\/wp\/v2\/posts"}],"about":[{"href":"https:\/\/anprotec.org.br\/site\/wp-json\/wp\/v2\/types\/post"}],"author":[{"embeddable":true,"href":"https:\/\/anprotec.org.br\/site\/wp-json\/wp\/v2\/users\/8"}],"replies":[{"embeddable":true,"href":"https:\/\/anprotec.org.br\/site\/wp-json\/wp\/v2\/comments?post=36375"}],"version-history":[{"count":1,"href":"https:\/\/anprotec.org.br\/site\/wp-json\/wp\/v2\/posts\/36375\/revisions"}],"predecessor-version":[{"id":36377,"href":"https:\/\/anprotec.org.br\/site\/wp-json\/wp\/v2\/posts\/36375\/revisions\/36377"}],"wp:featuredmedia":[{"embeddable":true,"href":"https:\/\/anprotec.org.br\/site\/wp-json\/wp\/v2\/media\/36376"}],"wp:attachment":[{"href":"https:\/\/anprotec.org.br\/site\/wp-json\/wp\/v2\/media?parent=36375"}],"wp:term":[{"taxonomy":"category","embeddable":true,"href":"https:\/\/anprotec.org.br\/site\/wp-json\/wp\/v2\/categories?post=36375"},{"taxonomy":"post_tag","embeddable":true,"href":"https:\/\/anprotec.org.br\/site\/wp-json\/wp\/v2\/tags?post=36375"},{"taxonomy":"calendar","embeddable":true,"href":"https:\/\/anprotec.org.br\/site\/wp-json\/wp\/v2\/calendar?post=36375"}],"curies":[{"name":"wp","href":"https:\/\/api.w.org\/{rel}","templated":true}]}}