{"id":36166,"date":"2021-02-09T17:54:04","date_gmt":"2021-02-09T20:54:04","guid":{"rendered":"https:\/\/anprotec.org.br\/site\/?p=36166"},"modified":"2025-02-28T15:04:54","modified_gmt":"2025-02-28T18:04:54","slug":"13a-edicao-do-anprotalks-ira-apresentar-o-programa-ideiaz-e-debater-sobre-a-chamada-para-credenciamento-de-ambientes-de-inovacao","status":"publish","type":"post","link":"https:\/\/anprotec.org.br\/site\/2021\/02\/13a-edicao-do-anprotalks-ira-apresentar-o-programa-ideiaz-e-debater-sobre-a-chamada-para-credenciamento-de-ambientes-de-inovacao\/","title":{"rendered":"13\u00aa edi\u00e7\u00e3o do AnproTalks ir\u00e1 apresentar o Programa Ideiaz e debater sobre a chamada para credenciamento de ambientes de inova\u00e7\u00e3o"},"content":{"rendered":"<p>Nessa sexta-feira,\u00a0<strong>12 de fevereiro, \u00e0s 11h<\/strong>, a Anprotec inicia a temporada 2021 da s\u00e9rie de webinars AnproTalks, que tem o objetivo de\u00a0aprofundar o debate sobre \u201cNovas Estrat\u00e9gias para os Ambientes de Inova\u00e7\u00e3o em uma Economia e Sociedade em Transforma\u00e7\u00e3o.\u201d<\/p>\n<p>A 13\u00aa edi\u00e7\u00e3o do AnproTalks traz tr\u00eas representantes dos realizadores do\u00a0<a href=\"https:\/\/www.worldlabs.org\/challenge\/programa-ideia-z-powered-by-inov-ativa\/about\"><strong>Programa Ideiaz &#8211; powered by InovAtiva<\/strong><\/a>, lan\u00e7ado em 09 de fevereiro com a abertura da chamada\u00a0nacional para credenciamento de incubadoras e aceleradoras no 1\u00ba ciclo do programa.<\/p>\n<p><strong>Paulo Pupin<\/strong><\/p>\n<p>Gerente Adjunto de Inova\u00e7\u00e3o no Sebrae Nacional<\/p>\n<p><strong>Rafael Guilherme Wandrey<\/strong><\/p>\n<p>Coordenador-geral de Empreendedorismo Inovador e Novos Neg\u00f3cios do Minist\u00e9rio da Economia<\/p>\n<p><strong>Guila Calheiros<\/strong><\/p>\n<p>Superintendente Executivo da Anprotec<\/p>\n<p>Realizado pela Anprotec, o Sebrae e a Secretaria Especial de Produtividade, Emprego e Competividade (SEPEC) do Minist\u00e9rio da Economia, o Programa Ideiaz \u2013 powered by InovAtiva \u2013 tem o objetivo de apoiar a estrutura\u00e7\u00e3o e o desenvolvimento de projetos inovadores e empreendimentos de impacto socioambiental, em est\u00e1gio inicial, a partir da conex\u00e3o com mecanismos de gera\u00e7\u00e3o de empreendimentos de todas as regi\u00f5es do pa\u00eds. A\u00a0meta \u00e9 atender mais de 1.000 startups em 2021. Ao todo, ser\u00e3o investidos mais de\u00a0<strong>R$ 40 milh\u00f5es em quatro anos<\/strong>.<\/p>\n<p>Em sua primeira etapa, a iniciativa visa a mobiliza\u00e7\u00e3o, sele\u00e7\u00e3o e qualifica\u00e7\u00e3o de incubadoras e aceleradoras para que recebam e apoiem esses projetos. O per\u00edodo de inscri\u00e7\u00e3o da chamada para forma\u00e7\u00e3o de cadastro de ambientes de inova\u00e7\u00e3o credenciados est\u00e1 aberto at\u00e9 o dia\u00a0<strong>28 de fevereiro.<\/strong><\/p>\n<p>Ser\u00e3o\u00a0<strong>selecionadas\u00a0at\u00e9 15 incubadoras e aceleradoras<\/strong>\u00a0para compor o cadastro referente \u00e0 primeira chamada para atendimento de projetos inovadores. Todas ir\u00e3o receber uma\u00a0<strong>qualifica\u00e7\u00e3o virtual de 40 horas\u00a0<\/strong>oferecida pela Anprotec e o valor de at\u00e9\u00a0<strong>R$ 3.000,00 por projeto inovador atendido<\/strong>\u00a0relativo aos servi\u00e7os prestados, sem a necessidade de aporte de contrapartidas financeiras ou econ\u00f4micas.<\/p>\n<p>Cada ambiente selecionado deve\u00a0<strong>atender no m\u00ednimo dez e no m\u00e1ximo 20 projetos<\/strong>\u00a0inovadores\u00a0encaminhados pelo Programa. O atendimento nesta primeira chamada acontece de forma virtual em um\u00a0<strong>per\u00edodo de dez semanas<\/strong>. Ao final do processo, os empreendimentos apoiados devem apresentar os resultados conforme estabelecido no edital.<\/p>\n<p>Com uma hora de dura\u00e7\u00e3o, o AnproTalks \u00e9 gratuito com cadastro de inscri\u00e7\u00e3o obrigat\u00f3rio!<\/p>\n<p><strong><a href=\"https:\/\/informativo.anprotec.org.br\/anprotalks_webinar-13\" target=\"_blank\" rel=\"noopener noreferrer\">CLIQUE AQUI<\/a> e inscreva-se para participar do debate!\u00a0<\/strong><\/p>\n<p><a href=\"https:\/\/informativo.anprotec.org.br\/anprotalks_webinar-13\" target=\"_blank\" rel=\"noopener noreferrer\"><img decoding=\"async\" loading=\"lazy\" class=\"aligncenter wp-image-36167 size-large\" src=\"https:\/\/anprotec.org.br\/site\/wp-content\/uploads\/2021\/02\/Card-Anprotalks-IDEIAZ-02-1024x1024.png\" alt=\"\" width=\"1024\" height=\"1024\" srcset=\"https:\/\/anprotec.org.br\/site\/wp-content\/uploads\/2021\/02\/Card-Anprotalks-IDEIAZ-02-1024x1024.png 1024w, https:\/\/anprotec.org.br\/site\/wp-content\/uploads\/2021\/02\/Card-Anprotalks-IDEIAZ-02-300x300.png 300w, https:\/\/anprotec.org.br\/site\/wp-content\/uploads\/2021\/02\/Card-Anprotalks-IDEIAZ-02-768x768.png 768w, https:\/\/anprotec.org.br\/site\/wp-content\/uploads\/2021\/02\/Card-Anprotalks-IDEIAZ-02-1536x1536.png 1536w, https:\/\/anprotec.org.br\/site\/wp-content\/uploads\/2021\/02\/Card-Anprotalks-IDEIAZ-02.png 2048w, https:\/\/anprotec.org.br\/site\/wp-content\/uploads\/2021\/02\/Card-Anprotalks-IDEIAZ-02-146x146.png 146w, https:\/\/anprotec.org.br\/site\/wp-content\/uploads\/2021\/02\/Card-Anprotalks-IDEIAZ-02-50x50.png 50w, https:\/\/anprotec.org.br\/site\/wp-content\/uploads\/2021\/02\/Card-Anprotalks-IDEIAZ-02-75x75.png 75w, https:\/\/anprotec.org.br\/site\/wp-content\/uploads\/2021\/02\/Card-Anprotalks-IDEIAZ-02-85x85.png 85w, https:\/\/anprotec.org.br\/site\/wp-content\/uploads\/2021\/02\/Card-Anprotalks-IDEIAZ-02-80x80.png 80w\" sizes=\"(max-width: 1024px) 100vw, 1024px\" \/><\/a><\/p>\n","protected":false},"excerpt":{"rendered":"<p>Nessa sexta-feira,\u00a012 de fevereiro, \u00e0s 11h, a Anprotec inicia a<span class=\"excerpt-hellip\"> [\u2026]<\/span><\/p>\n","protected":false},"author":8,"featured_media":32569,"comment_status":"closed","ping_status":"closed","sticky":false,"template":"","format":"standard","meta":{"footnotes":"","_links_to":"","_links_to_target":""},"categories":[391,3,383],"tags":[],"calendar":[],"_links":{"self":[{"href":"https:\/\/anprotec.org.br\/site\/wp-json\/wp\/v2\/posts\/36166"}],"collection":[{"href":"https:\/\/anprotec.org.br\/site\/wp-json\/wp\/v2\/posts"}],"about":[{"href":"https:\/\/anprotec.org.br\/site\/wp-json\/wp\/v2\/types\/post"}],"author":[{"embeddable":true,"href":"https:\/\/anprotec.org.br\/site\/wp-json\/wp\/v2\/users\/8"}],"replies":[{"embeddable":true,"href":"https:\/\/anprotec.org.br\/site\/wp-json\/wp\/v2\/comments?post=36166"}],"version-history":[{"count":1,"href":"https:\/\/anprotec.org.br\/site\/wp-json\/wp\/v2\/posts\/36166\/revisions"}],"predecessor-version":[{"id":36168,"href":"https:\/\/anprotec.org.br\/site\/wp-json\/wp\/v2\/posts\/36166\/revisions\/36168"}],"wp:featuredmedia":[{"embeddable":true,"href":"https:\/\/anprotec.org.br\/site\/wp-json\/wp\/v2\/media\/32569"}],"wp:attachment":[{"href":"https:\/\/anprotec.org.br\/site\/wp-json\/wp\/v2\/media?parent=36166"}],"wp:term":[{"taxonomy":"category","embeddable":true,"href":"https:\/\/anprotec.org.br\/site\/wp-json\/wp\/v2\/categories?post=36166"},{"taxonomy":"post_tag","embeddable":true,"href":"https:\/\/anprotec.org.br\/site\/wp-json\/wp\/v2\/tags?post=36166"},{"taxonomy":"calendar","embeddable":true,"href":"https:\/\/anprotec.org.br\/site\/wp-json\/wp\/v2\/calendar?post=36166"}],"curies":[{"name":"wp","href":"https:\/\/api.w.org\/{rel}","templated":true}]}}