{"id":36034,"date":"2021-01-27T15:35:53","date_gmt":"2021-01-27T18:35:53","guid":{"rendered":"https:\/\/anprotec.org.br\/site\/?p=36034"},"modified":"2025-02-28T15:07:45","modified_gmt":"2025-02-28T18:07:45","slug":"catalisa-ict-tem-inscricoes-prorrogadas-ate-21-de-fevereiro","status":"publish","type":"post","link":"https:\/\/anprotec.org.br\/site\/2021\/01\/catalisa-ict-tem-inscricoes-prorrogadas-ate-21-de-fevereiro\/","title":{"rendered":"Catalisa ICT tem inscri\u00e7\u00f5es prorrogadas at\u00e9 21 de fevereiro"},"content":{"rendered":"<p class=\"leftSubText\" style=\"text-align: center\"><em>Programa de acelera\u00e7\u00e3o do Sebrae ir\u00e1 selecionar cerca de mil pesquisas com potencial de gerar novos neg\u00f3cios<\/em><\/p>\n<div class=\"mainText\">\n<p class=\"leftText\"><img decoding=\"async\" loading=\"lazy\" class=\"alignleft size-medium wp-image-36035\" src=\"https:\/\/anprotec.org.br\/site\/wp-content\/uploads\/2021\/01\/Sem-t\u00edtulo-10-300x191.png\" alt=\"\" width=\"300\" height=\"191\" srcset=\"https:\/\/anprotec.org.br\/site\/wp-content\/uploads\/2021\/01\/Sem-t\u00edtulo-10-300x191.png 300w, https:\/\/anprotec.org.br\/site\/wp-content\/uploads\/2021\/01\/Sem-t\u00edtulo-10-230x146.png 230w, https:\/\/anprotec.org.br\/site\/wp-content\/uploads\/2021\/01\/Sem-t\u00edtulo-10-50x32.png 50w, https:\/\/anprotec.org.br\/site\/wp-content\/uploads\/2021\/01\/Sem-t\u00edtulo-10-118x75.png 118w, https:\/\/anprotec.org.br\/site\/wp-content\/uploads\/2021\/01\/Sem-t\u00edtulo-10.png 370w\" sizes=\"(max-width: 300px) 100vw, 300px\" \/>As inscri\u00e7\u00f5es para o programa Catalisa Institui\u00e7\u00e3o Cient\u00edfica Tecnol\u00f3gica e de Inova\u00e7\u00e3o (Catalisa ICT) foram prorrogadas at\u00e9 o pr\u00f3ximo dia <strong>21 de fevereiro<\/strong>. O programa, promovido pelo Sebrae, ir\u00e1 selecionar cerca de mil pesquisas com potencial de gerar novos neg\u00f3cios. A jornada de acelera\u00e7\u00e3o oferecer\u00e1 aos pesquisadores capacita\u00e7\u00e3o em gest\u00e3o, mentorias, fomento a projetos e acesso ao universo empresarial. Podem se inscrever mestre e doutores, que j\u00e1 conclu\u00edram a titula\u00e7\u00e3o ou que ainda est\u00e3o elaborando suas pesquisas.<\/p>\n<p class=\"leftText\">A convidada dessa edi\u00e7\u00e3o do podcast da Ag\u00eancia Sebrae de Not\u00edcias \u00e9 a analista do Sebrae, Hulda Giesbrecht. Ela detalha quem pode participar, todo o processo de inscri\u00e7\u00e3o e fala sobre o apoio t\u00e9cnico de at\u00e9 R$ 150 mil. O podcast completo est\u00e1 dispon\u00edvel e pode ser replicado por emissoras de r\u00e1dios e portais de not\u00edcia de todo o pa\u00eds, gratuitamente, sendo exigida apenas a cita\u00e7\u00e3o \u00e0 Ag\u00eancia Sebrae de Not\u00edcias. Confira os detalhes neste<strong>\u00a0link<\/strong>.\u00a0 \u00a0 \u00a0 \u00a0<a href=\"https:\/\/www.youtube.com\/watch?reload=9&amp;v=T424BQgSBvU&amp;feature=youtu.be\">Podcast 36\u00ba Edi\u00e7\u00e3o &#8211; Catalisa ICT &#8211; YouTube<\/a><\/p>\n<\/div>\n","protected":false},"excerpt":{"rendered":"<p>Programa de acelera\u00e7\u00e3o do Sebrae ir\u00e1 selecionar cerca de mil<span class=\"excerpt-hellip\"> [\u2026]<\/span><\/p>\n","protected":false},"author":8,"featured_media":36035,"comment_status":"closed","ping_status":"closed","sticky":false,"template":"","format":"standard","meta":{"footnotes":"","_links_to":"","_links_to_target":""},"categories":[3,383,414],"tags":[],"calendar":[],"_links":{"self":[{"href":"https:\/\/anprotec.org.br\/site\/wp-json\/wp\/v2\/posts\/36034"}],"collection":[{"href":"https:\/\/anprotec.org.br\/site\/wp-json\/wp\/v2\/posts"}],"about":[{"href":"https:\/\/anprotec.org.br\/site\/wp-json\/wp\/v2\/types\/post"}],"author":[{"embeddable":true,"href":"https:\/\/anprotec.org.br\/site\/wp-json\/wp\/v2\/users\/8"}],"replies":[{"embeddable":true,"href":"https:\/\/anprotec.org.br\/site\/wp-json\/wp\/v2\/comments?post=36034"}],"version-history":[{"count":1,"href":"https:\/\/anprotec.org.br\/site\/wp-json\/wp\/v2\/posts\/36034\/revisions"}],"predecessor-version":[{"id":36036,"href":"https:\/\/anprotec.org.br\/site\/wp-json\/wp\/v2\/posts\/36034\/revisions\/36036"}],"wp:featuredmedia":[{"embeddable":true,"href":"https:\/\/anprotec.org.br\/site\/wp-json\/wp\/v2\/media\/36035"}],"wp:attachment":[{"href":"https:\/\/anprotec.org.br\/site\/wp-json\/wp\/v2\/media?parent=36034"}],"wp:term":[{"taxonomy":"category","embeddable":true,"href":"https:\/\/anprotec.org.br\/site\/wp-json\/wp\/v2\/categories?post=36034"},{"taxonomy":"post_tag","embeddable":true,"href":"https:\/\/anprotec.org.br\/site\/wp-json\/wp\/v2\/tags?post=36034"},{"taxonomy":"calendar","embeddable":true,"href":"https:\/\/anprotec.org.br\/site\/wp-json\/wp\/v2\/calendar?post=36034"}],"curies":[{"name":"wp","href":"https:\/\/api.w.org\/{rel}","templated":true}]}}