{"id":35665,"date":"2020-12-09T16:17:33","date_gmt":"2020-12-09T19:17:33","guid":{"rendered":"https:\/\/anprotec.org.br\/site\/?p=35665"},"modified":"2025-02-27T13:24:51","modified_gmt":"2025-02-27T16:24:51","slug":"sebrae-prepara-pesquisadores-para-transformar-conhecimento-em-negocios-inovadores","status":"publish","type":"post","link":"https:\/\/anprotec.org.br\/site\/2020\/12\/sebrae-prepara-pesquisadores-para-transformar-conhecimento-em-negocios-inovadores\/","title":{"rendered":"Sebrae prepara pesquisadores para transformar conhecimento em neg\u00f3cios inovadores"},"content":{"rendered":"<p><em><img decoding=\"async\" loading=\"lazy\" class=\"size-full wp-image-35666 alignleft\" src=\"https:\/\/anprotec.org.br\/site\/wp-content\/uploads\/2020\/12\/sebrae.png\" alt=\"\" width=\"370\" height=\"235\" srcset=\"https:\/\/anprotec.org.br\/site\/wp-content\/uploads\/2020\/12\/sebrae.png 370w, https:\/\/anprotec.org.br\/site\/wp-content\/uploads\/2020\/12\/sebrae-300x191.png 300w, https:\/\/anprotec.org.br\/site\/wp-content\/uploads\/2020\/12\/sebrae-230x146.png 230w, https:\/\/anprotec.org.br\/site\/wp-content\/uploads\/2020\/12\/sebrae-50x32.png 50w, https:\/\/anprotec.org.br\/site\/wp-content\/uploads\/2020\/12\/sebrae-118x75.png 118w\" sizes=\"(max-width: 370px) 100vw, 370px\" \/>Edital de sele\u00e7\u00e3o j\u00e1 est\u00e1 aberto, por meio do Catalisa ICT, vai selecionar 1 mil pesquisas acad\u00eamicas com potencial de inova\u00e7\u00e3o tecnol\u00f3gica <\/em><\/p>\n<p>Mestres ou doutores titulados, com diplomas reconhecidos no Brasil, bem como mestrandos e doutorandos em institui\u00e7\u00f5es brasileiras que querem gerar neg\u00f3cios inovadores a partir de suas pesquisas, n\u00e3o podem perder a oportunidade de participar do Catalisa ICT. A iniciativa liderada pelo Sebrae, com a colabora\u00e7\u00e3o de parceiros relevantes do ecossistema de inova\u00e7\u00e3o no pa\u00eds, vai ajudar a tirar essas empresas do papel.<\/p>\n<p>Com o lan\u00e7amento do edital de sele\u00e7\u00e3o de pesquisas, no \u00faltimo dia 25, as inscri\u00e7\u00f5es j\u00e1 podem ser realizadas. Para se inscrever, basta acessar o Portal do Sebrae no endere\u00e7o www.sebrae.com.br\/catalisaict. Na p\u00e1gina, al\u00e9m de acesso ao edital, os pesquisadores interessados tamb\u00e9m podem conhecer mais detalhes do iniciativa que est\u00e1 com inscri\u00e7\u00f5es abertas at\u00e9 o dia 24 de janeiro de 2021. As inscri\u00e7\u00f5es s\u00e3o direcionadas para a plataforma Worldlabs, onde foi criada uma comunidade do Catalisa, que oferece um ambiente online de conex\u00e3o e networking entre os participantes da iniciativa.<\/p>\n<p>Ao todo, na primeira chamada p\u00fablica, o Sebrae selecionar\u00e1 1.000 pesquisas com potencial de inova\u00e7\u00e3o em \u00e2mbito nacional. Entre os crit\u00e9rios de sele\u00e7\u00e3o, destacam-se o potencial de impacto econ\u00f4mico da pesquisa e sua relev\u00e2ncia dentro do mercado; o grau de inova\u00e7\u00e3o, ineditismo e abrang\u00eancia; o potencial de impacto socioambiental e contribui\u00e7\u00e3o para o alcance dos Objetivos de Desenvolvimento Sustent\u00e1veis (ODS) da Agenda 2030 da Organiza\u00e7\u00e3o das Na\u00e7\u00f5es Unidas (ONU).<\/p>\n<p>De acordo o gerente de Inova\u00e7\u00e3o do Sebrae, Paulo Renato Cabral, a grande miss\u00e3o da institui\u00e7\u00e3o \u00e9 apoiar o desenvolvimento de empresas inovadoras e a manuten\u00e7\u00e3o e crescimento de todas as empresas do Brasil. \u201cPara n\u00f3s, o nascimento de empresas inovadoras a partir dos centros de pesquisa das universidades \u00e9 uma estrat\u00e9gia extremamente importante para a reconfigura\u00e7\u00e3o da economia do pa\u00eds, gerando empregos de alta qualidade e divisas para o Brasil\u201d, destacou.<\/p>\n<p>Jornada da academia ao mercado<br \/>\nO Programa Catalisa ICT foi estruturado em uma jornada de aproximadamente 3 anos, dividida em quatro etapas para apoiar os pesquisadores desde a prepara\u00e7\u00e3o at\u00e9 a cria\u00e7\u00e3o de empresas de base tecnol\u00f3gica, de modo que eles consigam ter sucesso e escalabilidade. Al\u00e9m de gerar novos neg\u00f3cios, a iniciativa tamb\u00e9m pretende contribuir para a transfer\u00eancia de tecnologia para os pequenos neg\u00f3cios brasileiros.<\/p>\n<p>Na primeira etapa &#8220;Mobilizar e Despertar para Empreender&#8221;, realizada em outubro e novembro deste ano, al\u00e9m do lan\u00e7amento da iniciativa, foram realizados workshops virtuais em todos os estados e aberta a primeira chamada p\u00fablica para a inscri\u00e7\u00e3o das pesquisas (fase atual).<\/p>\n<p>De acordo com o cronograma, o resultado da sele\u00e7\u00e3o das pesquisas ser\u00e1 conhecido at\u00e9 o dia 24 de fevereiro. Os pesquisadores selecionados para a segunda etapa, chamada \u201cAprender e Estruturar\u201d v\u00e3o participar de uma capacita\u00e7\u00e3o online gratuita com foco no desenvolvimento de uma atitude empreendedora. Eles v\u00e3o aprender sobre gest\u00e3o de inova\u00e7\u00e3o e modelos de neg\u00f3cios, al\u00e9m de adquirir conhecimentos na \u00e1rea de prospec\u00e7\u00e3o tecnol\u00f3gica e participar de mentorias com profissionais de mercado.<\/p>\n<p>\u201cEsse \u00e9 o momento em que os pesquisadores v\u00e3o desenvolver o seu mindset empreendedor, assim como os planos de inova\u00e7\u00e3o que ser\u00e3o submetidos a uma nova etapa do programa, por meio do pr\u00f3ximo edital com previs\u00e3o de lan\u00e7amento em maio do pr\u00f3ximo ano&#8221;, explicou Adriana Dantas, analista da inova\u00e7\u00e3o do Sebrae Nacional. A meta \u00e9 selecionar 270 planos de inova\u00e7\u00e3o no segundo edital para a terceira etapa do programa, \u201cDesenvolver e Testar\u201d, quando os pesquisadores receber\u00e3o fomento para pesquisa por at\u00e9 12 meses com o objetivo de cria\u00e7\u00e3o e formaliza\u00e7\u00e3o de uma micro e pequena empresa de base tecnol\u00f3gica.<\/p>\n<p>Depois da etapa de cria\u00e7\u00e3o de novos CNPJ, ser\u00e1 lan\u00e7ado um terceiro edital para sele\u00e7\u00e3o de 135 pequenos neg\u00f3cios inovadores, a partir de projetos de PD&amp;I. Por fim, os selecionados v\u00e3o participar da quarta etapa, \u201cInovar e Escalar\u201d, quando v\u00e3o ter a oportunidade de ter contato com investidores e se aproximar de empresas e potenciais parceiros.<\/p>\n<p>Os pesquisadores que n\u00e3o forem selecionados no segundo edital e n\u00e3o avan\u00e7arem para as etapas seguintes, ainda ter\u00e3o a oportunidade de participar de projetos de inova\u00e7\u00e3o de micro e pequenas empresas, como um capital humano qualificado para os pequenos neg\u00f3cios que necessitam de apoio t\u00e9cnico para avan\u00e7ar em suas inova\u00e7\u00f5es.<\/p>\n<p>Saiba mais sobre o edital de sele\u00e7\u00e3o de pesquisas com potencial de inova\u00e7\u00e3o do CATALISA ICT no link www.sebrae.com.br\/catalisaict<\/p>\n","protected":false},"excerpt":{"rendered":"<p>Edital de sele\u00e7\u00e3o j\u00e1 est\u00e1 aberto, por meio do Catalisa<span class=\"excerpt-hellip\"> [\u2026]<\/span><\/p>\n","protected":false},"author":8,"featured_media":35666,"comment_status":"closed","ping_status":"closed","sticky":false,"template":"","format":"standard","meta":{"footnotes":"","_links_to":"","_links_to_target":""},"categories":[3,383],"tags":[],"calendar":[],"_links":{"self":[{"href":"https:\/\/anprotec.org.br\/site\/wp-json\/wp\/v2\/posts\/35665"}],"collection":[{"href":"https:\/\/anprotec.org.br\/site\/wp-json\/wp\/v2\/posts"}],"about":[{"href":"https:\/\/anprotec.org.br\/site\/wp-json\/wp\/v2\/types\/post"}],"author":[{"embeddable":true,"href":"https:\/\/anprotec.org.br\/site\/wp-json\/wp\/v2\/users\/8"}],"replies":[{"embeddable":true,"href":"https:\/\/anprotec.org.br\/site\/wp-json\/wp\/v2\/comments?post=35665"}],"version-history":[{"count":1,"href":"https:\/\/anprotec.org.br\/site\/wp-json\/wp\/v2\/posts\/35665\/revisions"}],"predecessor-version":[{"id":35667,"href":"https:\/\/anprotec.org.br\/site\/wp-json\/wp\/v2\/posts\/35665\/revisions\/35667"}],"wp:featuredmedia":[{"embeddable":true,"href":"https:\/\/anprotec.org.br\/site\/wp-json\/wp\/v2\/media\/35666"}],"wp:attachment":[{"href":"https:\/\/anprotec.org.br\/site\/wp-json\/wp\/v2\/media?parent=35665"}],"wp:term":[{"taxonomy":"category","embeddable":true,"href":"https:\/\/anprotec.org.br\/site\/wp-json\/wp\/v2\/categories?post=35665"},{"taxonomy":"post_tag","embeddable":true,"href":"https:\/\/anprotec.org.br\/site\/wp-json\/wp\/v2\/tags?post=35665"},{"taxonomy":"calendar","embeddable":true,"href":"https:\/\/anprotec.org.br\/site\/wp-json\/wp\/v2\/calendar?post=35665"}],"curies":[{"name":"wp","href":"https:\/\/api.w.org\/{rel}","templated":true}]}}