{"id":35603,"date":"2020-12-02T14:18:33","date_gmt":"2020-12-02T17:18:33","guid":{"rendered":"https:\/\/anprotec.org.br\/site\/?p=35603"},"modified":"2025-02-27T13:25:19","modified_gmt":"2025-02-27T16:25:19","slug":"bid-e-prodem-realizam-pesquisa-sobre-os-impactos-pandemia-aos-empreendedores-na-america-latina","status":"publish","type":"post","link":"https:\/\/anprotec.org.br\/site\/2020\/12\/bid-e-prodem-realizam-pesquisa-sobre-os-impactos-pandemia-aos-empreendedores-na-america-latina\/","title":{"rendered":"BID e Prodem realizam pesquisa sobre os impactos da pandemia aos empreendedores na Am\u00e9rica Latina"},"content":{"rendered":"<div><img decoding=\"async\" loading=\"lazy\" class=\"aligncenter size-full wp-image-35605\" src=\"https:\/\/anprotec.org.br\/site\/wp-content\/uploads\/2020\/12\/x268jxr2htm-1.png\" alt=\"\" width=\"560\" height=\"234\" srcset=\"https:\/\/anprotec.org.br\/site\/wp-content\/uploads\/2020\/12\/x268jxr2htm-1.png 560w, https:\/\/anprotec.org.br\/site\/wp-content\/uploads\/2020\/12\/x268jxr2htm-1-300x125.png 300w, https:\/\/anprotec.org.br\/site\/wp-content\/uploads\/2020\/12\/x268jxr2htm-1-260x109.png 260w, https:\/\/anprotec.org.br\/site\/wp-content\/uploads\/2020\/12\/x268jxr2htm-1-50x21.png 50w, https:\/\/anprotec.org.br\/site\/wp-content\/uploads\/2020\/12\/x268jxr2htm-1-150x63.png 150w\" sizes=\"(max-width: 560px) 100vw, 560px\" \/><\/div>\n<div>\n<p>Caro empreendedor\u00a0 e gestor de ambientes de inova\u00e7\u00e3o,<\/p>\n<p>Ao final de um ano pand\u00eamico, o BID e o Prodem est\u00e3o realizando uma pesquisa sobre a situa\u00e7\u00e3o atual dos empreendedores e das empresas jovens, e suas respostas \u00e0 crise.<\/p>\n<p>As informa\u00e7\u00f5es ser\u00e3o extremamente \u00fateis para projetar melhores suportes e enfrentar os novos cen\u00e1rios.<\/p>\n<p>N\u00e3o demora mais do que 10 minutos. As resposta devem ser enviadas at\u00e9 o dia <strong>03 de dezembro<\/strong>.<\/p>\n<\/div>\n<div><a href=\"https:\/\/es.surveymonkey.com\/r\/Emp_II_Anprotec\" target=\"_blank\" rel=\"noopener noreferrer\"><strong>CLIQUE AQUI E PARTICIPE!<\/strong><\/a><\/div>\n<div><span style=\"color: #ffffff\">.<\/span><\/div>\n<div><\/div>\n<div><\/div>\n","protected":false},"excerpt":{"rendered":"<p>Caro empreendedor\u00a0 e gestor de ambientes de inova\u00e7\u00e3o, Ao final<span class=\"excerpt-hellip\"> [\u2026]<\/span><\/p>\n","protected":false},"author":8,"featured_media":35604,"comment_status":"closed","ping_status":"closed","sticky":false,"template":"","format":"standard","meta":{"footnotes":"","_links_to":"","_links_to_target":""},"categories":[3,383],"tags":[],"calendar":[],"_links":{"self":[{"href":"https:\/\/anprotec.org.br\/site\/wp-json\/wp\/v2\/posts\/35603"}],"collection":[{"href":"https:\/\/anprotec.org.br\/site\/wp-json\/wp\/v2\/posts"}],"about":[{"href":"https:\/\/anprotec.org.br\/site\/wp-json\/wp\/v2\/types\/post"}],"author":[{"embeddable":true,"href":"https:\/\/anprotec.org.br\/site\/wp-json\/wp\/v2\/users\/8"}],"replies":[{"embeddable":true,"href":"https:\/\/anprotec.org.br\/site\/wp-json\/wp\/v2\/comments?post=35603"}],"version-history":[{"count":2,"href":"https:\/\/anprotec.org.br\/site\/wp-json\/wp\/v2\/posts\/35603\/revisions"}],"predecessor-version":[{"id":35609,"href":"https:\/\/anprotec.org.br\/site\/wp-json\/wp\/v2\/posts\/35603\/revisions\/35609"}],"wp:featuredmedia":[{"embeddable":true,"href":"https:\/\/anprotec.org.br\/site\/wp-json\/wp\/v2\/media\/35604"}],"wp:attachment":[{"href":"https:\/\/anprotec.org.br\/site\/wp-json\/wp\/v2\/media?parent=35603"}],"wp:term":[{"taxonomy":"category","embeddable":true,"href":"https:\/\/anprotec.org.br\/site\/wp-json\/wp\/v2\/categories?post=35603"},{"taxonomy":"post_tag","embeddable":true,"href":"https:\/\/anprotec.org.br\/site\/wp-json\/wp\/v2\/tags?post=35603"},{"taxonomy":"calendar","embeddable":true,"href":"https:\/\/anprotec.org.br\/site\/wp-json\/wp\/v2\/calendar?post=35603"}],"curies":[{"name":"wp","href":"https:\/\/api.w.org\/{rel}","templated":true}]}}