{"id":35497,"date":"2020-11-25T17:41:45","date_gmt":"2020-11-25T20:41:45","guid":{"rendered":"https:\/\/anprotec.org.br\/site\/?p=35497"},"modified":"2025-02-27T13:14:05","modified_gmt":"2025-02-27T16:14:05","slug":"painel-tecnologia-aborda-a-transformacao-digital-e-os-negocios-de-impacto-durante-a-conferencia-anprotec-2020","status":"publish","type":"post","link":"https:\/\/anprotec.org.br\/site\/2020\/11\/painel-tecnologia-aborda-a-transformacao-digital-e-os-negocios-de-impacto-durante-a-conferencia-anprotec-2020\/","title":{"rendered":"Painel Tecnologia aborda a transforma\u00e7\u00e3o digital e os neg\u00f3cios de impacto durante a Confer\u00eancia Anprotec 2020"},"content":{"rendered":"<p><img decoding=\"async\" loading=\"lazy\" class=\"size-full wp-image-35499 alignleft\" src=\"https:\/\/anprotec.org.br\/site\/wp-content\/uploads\/2020\/11\/Sem-t\u00edtulo-13.png\" alt=\"\" width=\"370\" height=\"235\" srcset=\"https:\/\/anprotec.org.br\/site\/wp-content\/uploads\/2020\/11\/Sem-t\u00edtulo-13.png 370w, https:\/\/anprotec.org.br\/site\/wp-content\/uploads\/2020\/11\/Sem-t\u00edtulo-13-300x191.png 300w, https:\/\/anprotec.org.br\/site\/wp-content\/uploads\/2020\/11\/Sem-t\u00edtulo-13-230x146.png 230w, https:\/\/anprotec.org.br\/site\/wp-content\/uploads\/2020\/11\/Sem-t\u00edtulo-13-50x32.png 50w, https:\/\/anprotec.org.br\/site\/wp-content\/uploads\/2020\/11\/Sem-t\u00edtulo-13-118x75.png 118w\" sizes=\"(max-width: 370px) 100vw, 370px\" \/>O \u00faltimo dia da 30\u00aa edi\u00e7\u00e3o da Confer\u00eancia Anprotec teve in\u00edcio com diferentes pain\u00e9is simult\u00e2neos. A sess\u00e3o dedicada ao pilar \u201cTecnologia\u201d, do tema central \u201cAmbientes de Inova\u00e7\u00e3o 4.0: Desafios e Oportunidades na Nova Din\u00e2mica Global\u201d, foi moderada pelo diretor de rela\u00e7\u00f5es institucionais da Anprotec, Rodrigo Mendes, e contou com a participa\u00e7\u00e3o da diretora presidente da Wylinka, Ana Cal\u00e7ado, e a cofundadora da Pipe.Social, Mariana Fonseca.<\/p>\n<p>A transforma\u00e7\u00e3o digital deve ser encarada pelos ambientes de inova\u00e7\u00e3o e mecanismos de gera\u00e7\u00e3o de empreendimentos como \u2018inova\u00e7\u00e3o estrat\u00e9gica\u2019, englobando uma mudan\u00e7a nos fundamentos de suporte aos processos de cria\u00e7\u00e3o, entrega e captura de valor em todos os tipos de organiza\u00e7\u00e3o; com as bases anal\u00f3gicas \u2013 ou anal\u00f3gicas digitais \u2013 trocadas por plataformas digitais em rede e redefinindo a maioria dos mercados.<\/p>\n<p>Ao se destacarem como institui\u00e7\u00f5es que apoiam o desenvolvimento de empresas nascentes de base tecnol\u00f3gica para a transforma\u00e7\u00e3o de ideias em empreendimentos de sucesso, os ambientes de inova\u00e7\u00e3o t\u00eam um papel fundamental nessa nova din\u00e2mica global para a gera\u00e7\u00e3o de novas tecnologias.<\/p>\n<p>Foi nesse contexto que o diretor da Associa\u00e7\u00e3o deu as boas-vindas a todos e ressaltou o seu contentamento em debater com duas mulheres t\u00e3o qualificadas para falar sobre o tema.<\/p>\n<p>Ana Cal\u00e7ado iniciou a sua participa\u00e7\u00e3o falando sobre as tr\u00eas frentes da Wylinka. \u201cFazemos a conex\u00e3o de tecnologias que est\u00e3o sendo desenvolvidas com o mercado, apoiamos o empreendedorismo e o desenvolvimento de novos neg\u00f3cios de base tecnol\u00f3gica, e atuamos com estrat\u00e9gias para o desenvolvimento de ambientes de inova\u00e7\u00e3o, tanto individualmente quanto em conex\u00e3o com o ecossistema, e de pol\u00edticas p\u00fablicas\u201d, disse a diretora presidente.<\/p>\n<p>Em seguida, Mariana Fonseca tamb\u00e9m apresentou a Pipe.Social, que se destaca como uma vitrine de neg\u00f3cios de impacto de diferentes \u00e1reas, como agro, sa\u00fade, gest\u00e3o e cidadania, por exemplo. \u201cNeg\u00f3cios se cadastram na plataforma para que possam ser vistos por investidores e parceiros\u201d, explicou a cofundadora.<\/p>\n<p>Durante o painel, ambas executivas ressaltaram a necessidade dos ambientes de inova\u00e7\u00e3o mudarem sua vis\u00e3o sobre a tecnologia como um fim, para pens\u00e1-la como um meio. \u201cComo o digital pode ser utilizado no processo do meu neg\u00f3cio, para reduzir custos e auxiliar na gest\u00e3o e nas finan\u00e7as?\u201d, questionou Mariana, afirmando que o Brasil ainda est\u00e1 se digitalizando. \u201cPrecisamos olhar para os menores passos, e n\u00e3o ver o digital de forma complexa. Podemos ter o incremental e o disruptivo andando juntos com abertura para novos neg\u00f3cios de impacto. Essa \u00e9 tend\u00eancia\u201d, disse Mariana Fonseca.<\/p>\n<p>Nessa mesma perspectiva, Ana Cal\u00e7ado citou alguns resultados do estudo realizado pelas institui\u00e7\u00f5es para mapear os neg\u00f3cios de impacto no Brasil. \u201cPercebemos que muitos deles utilizam pouca tecnologia, e mostramos como ela melhora a nossa vida, tanto na gest\u00e3o quanto no modelo de neg\u00f3cio. Percebemos que, muitas vezes, os gargalos s\u00e3o culturais, porque a tecnologia existe\u201d.<\/p>\n<p>Quanto \u00e0 tend\u00eancia dos neg\u00f3cios de impacto, as palestrantes afirmaram que essa quest\u00e3o deve estar intr\u00ednseca na empresa, e n\u00e3o apenas ser um bra\u00e7o dela na \u00e1rea de responsabilidade social. \u201cPrecisa vir de dentro para fora; e uma porta de entrada para as grandes empresas pode ser por corporate venture, acelerando neg\u00f3cios de impacto\u201d, sugeriu Mariana Fonseca.<\/p>\n<p>Ao considerar os ambientes de inova\u00e7\u00e3o protagonistas do ecossistema aos promover importantes conex\u00f5es, Ana Cal\u00e7ado apontou que o desenvolvimento tecnol\u00f3gico \u00e9 a base para o desenvolvimento da economia. \u201cE os ambientes de inova\u00e7\u00e3o est\u00e3o posicionados de forma estrat\u00e9gica nesse processo\u201d, finalizou a diretora presidente da Wylinka.<\/p>\n<p>Ap\u00f3s as apresenta\u00e7\u00f5es, as palestrantes responderam d\u00favidas do p\u00fablico e o painel foi finalizado, posteriormente, por Rodrigo Mendes.<\/p>\n","protected":false},"excerpt":{"rendered":"<p>O \u00faltimo dia da 30\u00aa edi\u00e7\u00e3o da Confer\u00eancia Anprotec teve<span class=\"excerpt-hellip\"> [\u2026]<\/span><\/p>\n","protected":false},"author":8,"featured_media":35499,"comment_status":"closed","ping_status":"closed","sticky":false,"template":"","format":"standard","meta":{"footnotes":"","_links_to":"","_links_to_target":""},"categories":[411,3],"tags":[],"calendar":[],"_links":{"self":[{"href":"https:\/\/anprotec.org.br\/site\/wp-json\/wp\/v2\/posts\/35497"}],"collection":[{"href":"https:\/\/anprotec.org.br\/site\/wp-json\/wp\/v2\/posts"}],"about":[{"href":"https:\/\/anprotec.org.br\/site\/wp-json\/wp\/v2\/types\/post"}],"author":[{"embeddable":true,"href":"https:\/\/anprotec.org.br\/site\/wp-json\/wp\/v2\/users\/8"}],"replies":[{"embeddable":true,"href":"https:\/\/anprotec.org.br\/site\/wp-json\/wp\/v2\/comments?post=35497"}],"version-history":[{"count":2,"href":"https:\/\/anprotec.org.br\/site\/wp-json\/wp\/v2\/posts\/35497\/revisions"}],"predecessor-version":[{"id":35501,"href":"https:\/\/anprotec.org.br\/site\/wp-json\/wp\/v2\/posts\/35497\/revisions\/35501"}],"wp:featuredmedia":[{"embeddable":true,"href":"https:\/\/anprotec.org.br\/site\/wp-json\/wp\/v2\/media\/35499"}],"wp:attachment":[{"href":"https:\/\/anprotec.org.br\/site\/wp-json\/wp\/v2\/media?parent=35497"}],"wp:term":[{"taxonomy":"category","embeddable":true,"href":"https:\/\/anprotec.org.br\/site\/wp-json\/wp\/v2\/categories?post=35497"},{"taxonomy":"post_tag","embeddable":true,"href":"https:\/\/anprotec.org.br\/site\/wp-json\/wp\/v2\/tags?post=35497"},{"taxonomy":"calendar","embeddable":true,"href":"https:\/\/anprotec.org.br\/site\/wp-json\/wp\/v2\/calendar?post=35497"}],"curies":[{"name":"wp","href":"https:\/\/api.w.org\/{rel}","templated":true}]}}