{"id":35455,"date":"2020-11-24T16:44:14","date_gmt":"2020-11-24T19:44:14","guid":{"rendered":"https:\/\/anprotec.org.br\/site\/?p=35455"},"modified":"2025-02-27T13:15:25","modified_gmt":"2025-02-27T16:15:25","slug":"sessao-de-duvidas-e-propostas-da-conferencia-anprotec-debate-sobre-investimentos-privados","status":"publish","type":"post","link":"https:\/\/anprotec.org.br\/site\/2020\/11\/sessao-de-duvidas-e-propostas-da-conferencia-anprotec-debate-sobre-investimentos-privados\/","title":{"rendered":"Sess\u00e3o de d\u00favidas e propostas da Confer\u00eancia Anprotec debate sobre Investimentos Privados"},"content":{"rendered":"<p><img decoding=\"async\" loading=\"lazy\" class=\"size-full wp-image-35458 alignleft\" src=\"https:\/\/anprotec.org.br\/site\/wp-content\/uploads\/2020\/11\/20201124_Painel-4-Sess\u00e3o-de-d\u00favidas-e-propostas-para-Investimentos-Privados-1.jpg\" alt=\"\" width=\"370\" height=\"235\" srcset=\"https:\/\/anprotec.org.br\/site\/wp-content\/uploads\/2020\/11\/20201124_Painel-4-Sess\u00e3o-de-d\u00favidas-e-propostas-para-Investimentos-Privados-1.jpg 370w, https:\/\/anprotec.org.br\/site\/wp-content\/uploads\/2020\/11\/20201124_Painel-4-Sess\u00e3o-de-d\u00favidas-e-propostas-para-Investimentos-Privados-1-300x191.jpg 300w, https:\/\/anprotec.org.br\/site\/wp-content\/uploads\/2020\/11\/20201124_Painel-4-Sess\u00e3o-de-d\u00favidas-e-propostas-para-Investimentos-Privados-1-230x146.jpg 230w, https:\/\/anprotec.org.br\/site\/wp-content\/uploads\/2020\/11\/20201124_Painel-4-Sess\u00e3o-de-d\u00favidas-e-propostas-para-Investimentos-Privados-1-50x32.jpg 50w, https:\/\/anprotec.org.br\/site\/wp-content\/uploads\/2020\/11\/20201124_Painel-4-Sess\u00e3o-de-d\u00favidas-e-propostas-para-Investimentos-Privados-1-118x75.jpg 118w\" sizes=\"(max-width: 370px) 100vw, 370px\" \/>A atua\u00e7\u00e3o como investidor privado passa por um cen\u00e1rio de muitas incertezas. As curvas acontecem de forma acelerada e, neste contexto, um dos principais desafios \u00e9 encontrar o projeto certo na hora certa.<\/p>\n<p>Esse foi o tema do painel &#8220;Sess\u00e3o de d\u00favidas e propostas para Investimentos Privados&#8221;, que aconteceu durante a 30\u00aa Confer\u00eancia Anprotec de Empreendedorismo e Ambientes de Inova\u00e7\u00e3o. O evento foi realizado em formato online.<\/p>\n<p>O painel teve a participa\u00e7\u00e3o de Derek Lundgren Bittar, co-fundador da Indicator Capital, Jo\u00e3o Ventura, CEO da Sling Capital e Andrea Oliveira, co-fundadora e CEO da Positive Ventures. Rosana Jamal, diretora de empresas da Anprotec ficou respons\u00e1vel pela modera\u00e7\u00e3o do painel.<\/p>\n<p>O primeiro participante a falar foi Jo\u00e3o Ventura, que tratou sobre a import\u00e2ncia dos dados para auxiliar as institui\u00e7\u00f5es e os investidores. &#8220;Sempre me incomodou que no Brasil n\u00e3o t\u00ednhamos muitas informa\u00e7\u00f5es sobre o ecossistema. Por isso, em fevereiro, n\u00f3s come\u00e7amos a organizar informa\u00e7\u00f5es sobre aceleradoras, incubadoras e outros ambientes, para criar um banco de dados, inicialmente aberto, para facilitar as conex\u00f5es entre os atores&#8221;.<\/p>\n<p>A Sling Hub \u00e9 uma plataforma de dados de intelig\u00eancia, com informa\u00e7\u00f5es detalhadas sobre mais de 13 mil startups brasileiras, al\u00e9m de aceleradoras, incubadoras e investidores e outros ambientes.<\/p>\n<p>Na sequ\u00eancia, Derek Bittar comentou sobre a curva da disrup\u00e7\u00e3o das tecnologias. &#8220;Ap\u00f3s a disrup\u00e7\u00e3o, a tecnologia \u00e9 desmaterializada, ou seja ela pode ser utilizada de maneira remota, com o home office em alta estamos vendo muito isso, o pr\u00f3ximo passo \u00e9 a desmonetiza\u00e7\u00e3o, hoje n\u00f3s vemos o YouTube, Zoom e outras plataformas que possuem vers\u00f5es gratuitas, e por \u00faltimo, a democratiza\u00e7\u00e3o, quando a tecnologia est\u00e1 acess\u00edvel para grande parte da popula\u00e7\u00e3o&#8221;.<\/p>\n<p>O ponto central do Venture Capital \u00e9 buscar essa tecnologia que ir\u00e1 se deslocar ao longo dessa curva em empresas atuantes e existentes.<\/p>\n<p>Por \u00faltimo, Andrea Oliveira abordou a quest\u00e3o do investimento de impacto e as especificidades do Brasil neste cen\u00e1rio. &#8220;Estamos em um ambiente favor\u00e1vel para este tipo de investimento. Alguns pontos que ressaltam esse momento \u00e9 a nossa infraestrutura tech, a oferta de liquidez em todo o espectro do setor, taxa de juros no menor patamar da hist\u00f3ria, nova gera\u00e7\u00e3o de empreendedores, cases de unic\u00f3rnios nos \u00faltimos quatro anos e tamb\u00e9m a transforma\u00e7\u00e3o digital que estamos presenciando&#8221;.<\/p>\n<p>Soma-se esses fatores ao fato de o Brasil ser um pa\u00eds continental com um dos maiores mercados internos do mundo, mas com diversas inefici\u00eancias a serem exploradas por empreendedores, principalmente em servi\u00e7os e produtos essenciais torna o Brasil um pa\u00eds potencial para o investidor de impacto.<\/p>\n<p>Em complemento, Rosana Jamal acrescenta que al\u00e9m dos benef\u00edcios para a sociedade, este modelo ainda \u00e9 lucrativo para o investidor. &#8220;Muitas pessoas confundem a palavra &#8216;impacto&#8217; com beneficente ou sem fins lucrativos, mas n\u00e3o, o investimento de impacto \u00e9 lucrativo sim e possui um grande potencial de retorno&#8221;.<\/p>\n<p>Ap\u00f3s as apresenta\u00e7\u00f5es, os painelistas responderam as perguntas realizadas pelos participantes sobre o tema.<\/p>\n<p>&nbsp;<\/p>\n","protected":false},"excerpt":{"rendered":"<p>A atua\u00e7\u00e3o como investidor privado passa por um cen\u00e1rio de<span class=\"excerpt-hellip\"> [\u2026]<\/span><\/p>\n","protected":false},"author":8,"featured_media":35456,"comment_status":"closed","ping_status":"closed","sticky":false,"template":"","format":"standard","meta":{"footnotes":"","_links_to":"","_links_to_target":""},"categories":[411,3],"tags":[],"calendar":[],"_links":{"self":[{"href":"https:\/\/anprotec.org.br\/site\/wp-json\/wp\/v2\/posts\/35455"}],"collection":[{"href":"https:\/\/anprotec.org.br\/site\/wp-json\/wp\/v2\/posts"}],"about":[{"href":"https:\/\/anprotec.org.br\/site\/wp-json\/wp\/v2\/types\/post"}],"author":[{"embeddable":true,"href":"https:\/\/anprotec.org.br\/site\/wp-json\/wp\/v2\/users\/8"}],"replies":[{"embeddable":true,"href":"https:\/\/anprotec.org.br\/site\/wp-json\/wp\/v2\/comments?post=35455"}],"version-history":[{"count":2,"href":"https:\/\/anprotec.org.br\/site\/wp-json\/wp\/v2\/posts\/35455\/revisions"}],"predecessor-version":[{"id":35459,"href":"https:\/\/anprotec.org.br\/site\/wp-json\/wp\/v2\/posts\/35455\/revisions\/35459"}],"wp:featuredmedia":[{"embeddable":true,"href":"https:\/\/anprotec.org.br\/site\/wp-json\/wp\/v2\/media\/35456"}],"wp:attachment":[{"href":"https:\/\/anprotec.org.br\/site\/wp-json\/wp\/v2\/media?parent=35455"}],"wp:term":[{"taxonomy":"category","embeddable":true,"href":"https:\/\/anprotec.org.br\/site\/wp-json\/wp\/v2\/categories?post=35455"},{"taxonomy":"post_tag","embeddable":true,"href":"https:\/\/anprotec.org.br\/site\/wp-json\/wp\/v2\/tags?post=35455"},{"taxonomy":"calendar","embeddable":true,"href":"https:\/\/anprotec.org.br\/site\/wp-json\/wp\/v2\/calendar?post=35455"}],"curies":[{"name":"wp","href":"https:\/\/api.w.org\/{rel}","templated":true}]}}