{"id":35421,"date":"2020-11-20T15:24:32","date_gmt":"2020-11-20T18:24:32","guid":{"rendered":"https:\/\/anprotec.org.br\/site\/?p=35421"},"modified":"2025-02-27T13:12:43","modified_gmt":"2025-02-27T16:12:43","slug":"land2land-connect-paris-traz-oportunidades-de-internacionalizacao-de-startups-na-franca","status":"publish","type":"post","link":"https:\/\/anprotec.org.br\/site\/2020\/11\/land2land-connect-paris-traz-oportunidades-de-internacionalizacao-de-startups-na-franca\/","title":{"rendered":"land2land Connect Paris traz oportunidades de internacionaliza\u00e7\u00e3o de startups na Fran\u00e7a"},"content":{"rendered":"<p>A \u00faltima edi\u00e7\u00e3o do\u00a0<strong>land2land Connect<\/strong>\u00a0&#8211; evento virtual que conecta startups brasileiras, com interesse em iniciar ou acelerar seu processo de internacionaliza\u00e7\u00e3o, aos ambientes e mecanismos de inova\u00e7\u00e3o estrangeiros qualificados a operar programas de softlanding, incuba\u00e7\u00e3o e acelera\u00e7\u00e3o &#8211; acontece na segunda-feira,<strong>\u00a030 de novembro das 09h30 \u00e0s 11h40<\/strong>\u00a0(hor\u00e1rio de Bras\u00edlia) no<a href=\"https:\/\/www.youtube.com\/channel\/UCsVaVtf-kuzsC6DEjZ2YaGA\">\u00a0canal da Anprotec no Youtube, sobre o ecossistema de inova\u00e7\u00e3o de Paris, na Fran\u00e7a.\u00a0<\/a><\/p>\n<p>A iniciativa faz parte do Projeto de Internacionaliza\u00e7\u00e3o de Empresas Inovadoras,\u00a0<a href=\"https:\/\/land2land.com.br\/\">land2land<\/a>, que visa o desenvolvimento da competitividade de empreendedores no Brasil e no exterior a partir de capacita\u00e7\u00f5es para internacionaliza\u00e7\u00e3o, matchmaking com empresas sin\u00e9rgicas e promo\u00e7\u00e3o de inser\u00e7\u00e3o dos produtos no mercado internacional.<\/p>\n<p>O objetivo central da iniciativa \u00e9 tanto iniciar o processo de internacionaliza\u00e7\u00e3o de empresas inovadoras por meio da introdu\u00e7\u00e3o \u00e0s solu\u00e7\u00f5es e conex\u00f5es virtuais com programas estrangeiros, quanto acelerar o processo de internacionaliza\u00e7\u00e3o de startups por meio da conex\u00e3o com prestadores de servi\u00e7o locais, do est\u00edmulo de agendas bilaterais e do acesso aos stakeholders desses programas.<\/p>\n<p>Confira a programa\u00e7\u00e3o!<\/p>\n<p><strong>09h30 &#8211; 09h40 | Abertura\u00a0<\/strong><\/p>\n<p><strong>09h40 &#8211; 10h | Pedro Fontoura &#8211; Chefe do Setor de Ci\u00eancia, Tecnologia, Energia e Meio Ambiente da Embaixada do Brasil em Paris<\/strong><\/p>\n<p><strong>10h &#8211; 10h20 | Thomas Fauvel &#8211; Choose Paris<\/strong><\/p>\n<p><strong>10h20\u00a0 &#8211; 10h40 |\u00a0Julien Gharrou &#8211; Paris&amp;Co<\/strong><\/p>\n<p><strong>10h40 &#8211; 11h |\u00a0Isabelle Lebo &#8211; PBI France<\/strong><\/p>\n<p><strong>11h &#8211; 11h20 | Emmanuel Vincent &#8211; Agoranov<\/strong><\/p>\n<p><strong>11h 20 &#8211; 11h40 | Encerramento\u00a0<\/strong><\/p>\n<p>O evento \u00e9 gratuito e o cadastro de inscri\u00e7\u00e3o obrigat\u00f3rio.<\/p>\n<p><strong><a href=\"https:\/\/informativo.anprotec.org.br\/land2land-connect-paris\" target=\"_blank\" rel=\"noopener noreferrer\">CLIQUE AQUI E PARTICIPE!<\/a><\/strong><\/p>\n<p>As edi\u00e7\u00f5es anteriores do land2land Connect trataram sobre os ecossistema de inova\u00e7\u00e3o de\u00a0<a href=\"https:\/\/anprotec.org.br\/site\/2020\/08\/land2land-connect-lisboa-estreia-serie-virtual-que-trara-oportunidades-de-internacionalizacao-em-diferentes-ecossistemas-do-mundo\/\">Lisboa,<\/a>\u00a0<a href=\"https:\/\/anprotec.org.br\/site\/2020\/08\/land2land-connect-santiago-traz-especialistas-do-ecossistema-de-inovacao-chileno-com-oportunidades-de-internacionalizacao-para-brasileiros\/\">Santiago,<\/a>\u00a0<a href=\"https:\/\/anprotec.org.br\/site\/2020\/09\/land2land-connect-toronto-trouxe-especialistas-do-ecossistema-de-inovacao-do-canada-e-oportunidades-de-internacionalizacao-de-startups\/\">Toronto<\/a>,\u00a0<a href=\"https:\/\/anprotec.org.br\/site\/2020\/11\/land2land-connect-xangai-apresentou-oportunidades-de-internacionalizacao-de-startups-na-china\/\">Xangai<\/a>\u00a0e\u00a0<a href=\"https:\/\/anprotec.org.br\/site\/2020\/11\/land2land-connect-boston-apresentou-oportunidades-de-internacionalizacao-de-startups-nos-eua\/\">Boston<\/a>.<\/p>\n<p>O land2land Connect \u00e9 uma iniciativa da Associa\u00e7\u00e3o Nacional de Entidades Promotoras de Empreendimentos Inovadores (Anprotec), do Servi\u00e7o Brasileiro de Apoio \u00e0s Micro e Pequenas Empresas (Sebrae), da Ag\u00eancia Brasileira de Promo\u00e7\u00e3o de Exporta\u00e7\u00f5es e Investimentos (Apex-Brasil), e do Programa de Diplomacia da Inova\u00e7\u00e3o, do Minist\u00e9rio das Rela\u00e7\u00f5es Exteriores (MRE).<\/p>\n<p>&nbsp;<\/p>\n<p><img decoding=\"async\" loading=\"lazy\" class=\"aligncenter size-large wp-image-35539\" src=\"https:\/\/anprotec.org.br\/site\/wp-content\/uploads\/2020\/11\/Storie-corrigido-03-576x1024.jpg\" alt=\"\" width=\"576\" height=\"1024\" srcset=\"https:\/\/anprotec.org.br\/site\/wp-content\/uploads\/2020\/11\/Storie-corrigido-03-576x1024.jpg 576w, https:\/\/anprotec.org.br\/site\/wp-content\/uploads\/2020\/11\/Storie-corrigido-03-169x300.jpg 169w, https:\/\/anprotec.org.br\/site\/wp-content\/uploads\/2020\/11\/Storie-corrigido-03-768x1365.jpg 768w, https:\/\/anprotec.org.br\/site\/wp-content\/uploads\/2020\/11\/Storie-corrigido-03-864x1536.jpg 864w, https:\/\/anprotec.org.br\/site\/wp-content\/uploads\/2020\/11\/Storie-corrigido-03-scaled.jpg 1152w, https:\/\/anprotec.org.br\/site\/wp-content\/uploads\/2020\/11\/Storie-corrigido-03-82x146.jpg 82w, https:\/\/anprotec.org.br\/site\/wp-content\/uploads\/2020\/11\/Storie-corrigido-03-28x50.jpg 28w, https:\/\/anprotec.org.br\/site\/wp-content\/uploads\/2020\/11\/Storie-corrigido-03-42x75.jpg 42w\" sizes=\"(max-width: 576px) 100vw, 576px\" \/><\/p>\n","protected":false},"excerpt":{"rendered":"<p>A \u00faltima edi\u00e7\u00e3o do\u00a0land2land Connect\u00a0&#8211; evento virtual que conecta startups<span class=\"excerpt-hellip\"> [\u2026]<\/span><\/p>\n","protected":false},"author":8,"featured_media":33008,"comment_status":"closed","ping_status":"closed","sticky":false,"template":"","format":"standard","meta":{"footnotes":"","_links_to":"","_links_to_target":""},"categories":[3,383],"tags":[],"calendar":[],"_links":{"self":[{"href":"https:\/\/anprotec.org.br\/site\/wp-json\/wp\/v2\/posts\/35421"}],"collection":[{"href":"https:\/\/anprotec.org.br\/site\/wp-json\/wp\/v2\/posts"}],"about":[{"href":"https:\/\/anprotec.org.br\/site\/wp-json\/wp\/v2\/types\/post"}],"author":[{"embeddable":true,"href":"https:\/\/anprotec.org.br\/site\/wp-json\/wp\/v2\/users\/8"}],"replies":[{"embeddable":true,"href":"https:\/\/anprotec.org.br\/site\/wp-json\/wp\/v2\/comments?post=35421"}],"version-history":[{"count":2,"href":"https:\/\/anprotec.org.br\/site\/wp-json\/wp\/v2\/posts\/35421\/revisions"}],"predecessor-version":[{"id":35541,"href":"https:\/\/anprotec.org.br\/site\/wp-json\/wp\/v2\/posts\/35421\/revisions\/35541"}],"wp:featuredmedia":[{"embeddable":true,"href":"https:\/\/anprotec.org.br\/site\/wp-json\/wp\/v2\/media\/33008"}],"wp:attachment":[{"href":"https:\/\/anprotec.org.br\/site\/wp-json\/wp\/v2\/media?parent=35421"}],"wp:term":[{"taxonomy":"category","embeddable":true,"href":"https:\/\/anprotec.org.br\/site\/wp-json\/wp\/v2\/categories?post=35421"},{"taxonomy":"post_tag","embeddable":true,"href":"https:\/\/anprotec.org.br\/site\/wp-json\/wp\/v2\/tags?post=35421"},{"taxonomy":"calendar","embeddable":true,"href":"https:\/\/anprotec.org.br\/site\/wp-json\/wp\/v2\/calendar?post=35421"}],"curies":[{"name":"wp","href":"https:\/\/api.w.org\/{rel}","templated":true}]}}