{"id":34489,"date":"2020-09-29T13:37:19","date_gmt":"2020-09-29T16:37:19","guid":{"rendered":"https:\/\/anprotec.org.br\/site\/?p=34489"},"modified":"2025-02-26T17:37:56","modified_gmt":"2025-02-26T20:37:56","slug":"anprotec-e-outras-instituicoes-do-ecossistema-de-inovacao-apoiam-a-tramitacao-de-urgencia-do-plp-135-2020","status":"publish","type":"post","link":"https:\/\/anprotec.org.br\/site\/2020\/09\/anprotec-e-outras-instituicoes-do-ecossistema-de-inovacao-apoiam-a-tramitacao-de-urgencia-do-plp-135-2020\/","title":{"rendered":"Anprotec e outras institui\u00e7\u00f5es do ecossistema de inova\u00e7\u00e3o apoiam a tramita\u00e7\u00e3o de urg\u00eancia do PLP 135\/2020"},"content":{"rendered":"<p><img decoding=\"async\" loading=\"lazy\" class=\"alignleft size-medium wp-image-34491\" src=\"https:\/\/anprotec.org.br\/site\/wp-content\/uploads\/2020\/09\/WhatsApp-Image-2020-09-29-at-13.17.24-300x300.jpeg\" alt=\"\" width=\"300\" height=\"300\" srcset=\"https:\/\/anprotec.org.br\/site\/wp-content\/uploads\/2020\/09\/WhatsApp-Image-2020-09-29-at-13.17.24-300x300.jpeg 300w, https:\/\/anprotec.org.br\/site\/wp-content\/uploads\/2020\/09\/WhatsApp-Image-2020-09-29-at-13.17.24-146x146.jpeg 146w, https:\/\/anprotec.org.br\/site\/wp-content\/uploads\/2020\/09\/WhatsApp-Image-2020-09-29-at-13.17.24-50x50.jpeg 50w, https:\/\/anprotec.org.br\/site\/wp-content\/uploads\/2020\/09\/WhatsApp-Image-2020-09-29-at-13.17.24-75x75.jpeg 75w, https:\/\/anprotec.org.br\/site\/wp-content\/uploads\/2020\/09\/WhatsApp-Image-2020-09-29-at-13.17.24-85x85.jpeg 85w, https:\/\/anprotec.org.br\/site\/wp-content\/uploads\/2020\/09\/WhatsApp-Image-2020-09-29-at-13.17.24-80x80.jpeg 80w, https:\/\/anprotec.org.br\/site\/wp-content\/uploads\/2020\/09\/WhatsApp-Image-2020-09-29-at-13.17.24.jpeg 540w\" sizes=\"(max-width: 300px) 100vw, 300px\" \/><\/p>\n<p>&nbsp;<\/p>\n<p>&nbsp;<\/p>\n<p>O PL 135\/2020 veda o contingenciamento dos recursos do Fundo Nacional de Desenvolvimento Cient\u00edfico e Tecnologico (FNDCT) e o transforma em fundo cont\u00e1bil e financeiro, de forma a assegurar que esses recursos sejam utilizados na sua finalidade.<\/p>\n<p>O FNDCT \u00e9 o principal instrumento para o desenvolvimento de CT&amp;I e para o futuro do Brasil.<\/p>\n<p>Por isso, pedimos aos Deputados que votem a favor do PL 135\/2020.<\/p>\n<p>&nbsp;<\/p>\n<p>&nbsp;<\/p>\n<p>&nbsp;<\/p>\n<p><img decoding=\"async\" loading=\"lazy\" class=\"wp-image-34492 size-large aligncenter\" src=\"https:\/\/anprotec.org.br\/site\/wp-content\/uploads\/2020\/09\/WhatsApp-Image-2020-09-29-at-13.17.23-1024x1024.jpeg\" alt=\"\" width=\"1024\" height=\"1024\" srcset=\"https:\/\/anprotec.org.br\/site\/wp-content\/uploads\/2020\/09\/WhatsApp-Image-2020-09-29-at-13.17.23-1024x1024.jpeg 1024w, https:\/\/anprotec.org.br\/site\/wp-content\/uploads\/2020\/09\/WhatsApp-Image-2020-09-29-at-13.17.23-300x300.jpeg 300w, https:\/\/anprotec.org.br\/site\/wp-content\/uploads\/2020\/09\/WhatsApp-Image-2020-09-29-at-13.17.23-768x768.jpeg 768w, https:\/\/anprotec.org.br\/site\/wp-content\/uploads\/2020\/09\/WhatsApp-Image-2020-09-29-at-13.17.23-146x146.jpeg 146w, https:\/\/anprotec.org.br\/site\/wp-content\/uploads\/2020\/09\/WhatsApp-Image-2020-09-29-at-13.17.23-50x50.jpeg 50w, https:\/\/anprotec.org.br\/site\/wp-content\/uploads\/2020\/09\/WhatsApp-Image-2020-09-29-at-13.17.23-75x75.jpeg 75w, https:\/\/anprotec.org.br\/site\/wp-content\/uploads\/2020\/09\/WhatsApp-Image-2020-09-29-at-13.17.23-85x85.jpeg 85w, https:\/\/anprotec.org.br\/site\/wp-content\/uploads\/2020\/09\/WhatsApp-Image-2020-09-29-at-13.17.23-80x80.jpeg 80w, https:\/\/anprotec.org.br\/site\/wp-content\/uploads\/2020\/09\/WhatsApp-Image-2020-09-29-at-13.17.23.jpeg 1241w\" sizes=\"(max-width: 1024px) 100vw, 1024px\" \/><\/p>\n","protected":false},"excerpt":{"rendered":"<p>&nbsp; &nbsp; O PL 135\/2020 veda o contingenciamento dos recursos<span class=\"excerpt-hellip\"> [\u2026]<\/span><\/p>\n","protected":false},"author":8,"featured_media":34494,"comment_status":"closed","ping_status":"closed","sticky":false,"template":"","format":"standard","meta":{"footnotes":"","_links_to":"","_links_to_target":""},"categories":[416,3,383],"tags":[],"calendar":[],"_links":{"self":[{"href":"https:\/\/anprotec.org.br\/site\/wp-json\/wp\/v2\/posts\/34489"}],"collection":[{"href":"https:\/\/anprotec.org.br\/site\/wp-json\/wp\/v2\/posts"}],"about":[{"href":"https:\/\/anprotec.org.br\/site\/wp-json\/wp\/v2\/types\/post"}],"author":[{"embeddable":true,"href":"https:\/\/anprotec.org.br\/site\/wp-json\/wp\/v2\/users\/8"}],"replies":[{"embeddable":true,"href":"https:\/\/anprotec.org.br\/site\/wp-json\/wp\/v2\/comments?post=34489"}],"version-history":[{"count":2,"href":"https:\/\/anprotec.org.br\/site\/wp-json\/wp\/v2\/posts\/34489\/revisions"}],"predecessor-version":[{"id":34516,"href":"https:\/\/anprotec.org.br\/site\/wp-json\/wp\/v2\/posts\/34489\/revisions\/34516"}],"wp:featuredmedia":[{"embeddable":true,"href":"https:\/\/anprotec.org.br\/site\/wp-json\/wp\/v2\/media\/34494"}],"wp:attachment":[{"href":"https:\/\/anprotec.org.br\/site\/wp-json\/wp\/v2\/media?parent=34489"}],"wp:term":[{"taxonomy":"category","embeddable":true,"href":"https:\/\/anprotec.org.br\/site\/wp-json\/wp\/v2\/categories?post=34489"},{"taxonomy":"post_tag","embeddable":true,"href":"https:\/\/anprotec.org.br\/site\/wp-json\/wp\/v2\/tags?post=34489"},{"taxonomy":"calendar","embeddable":true,"href":"https:\/\/anprotec.org.br\/site\/wp-json\/wp\/v2\/calendar?post=34489"}],"curies":[{"name":"wp","href":"https:\/\/api.w.org\/{rel}","templated":true}]}}